{"id":2433,"date":"2021-03-28T15:22:38","date_gmt":"2021-03-28T15:22:38","guid":{"rendered":"http:\/\/kurtjakob.ch\/?p=2433"},"modified":"2021-06-23T12:32:45","modified_gmt":"2021-06-23T12:32:45","slug":"adobe-digital-edition-ade-entfernen-von-geisterbuechern","status":"publish","type":"post","link":"https:\/\/kurtjakob.ch\/?p=2433","title":{"rendered":"Adobe digital edition (ADE) &#8211; Entfernen von Geisterb\u00fcchern"},"content":{"rendered":"<p><img loading=\"lazy\" decoding=\"async\" src=\"https:\/\/kurtjakob.ch\/wp-content\/uploads\/2021\/03\/0A7E6DDC953AE05AA13D0CED84A5E15C141D271A.png\" width=\"529\" height=\"435\" border=\"0\" \/><\/p>\n<p>Schon oft habe ich mich dar\u00fcber aufgeregt: Man leiht sich ein Buch oder eine Zeitschrift in einer Online-Bibliothek aus. Wenn die Ausleihfrist dann abgelaufen ist, erscheint in ADE dann der entsprechende Hinweis. Darauf habe ich das Buch aus der Bibliothek und der WALL entfernt. Beim n\u00e4chsten Einloggen aber erscheinen pl\u00f6tzlich alle abgelaufenen und entfernten B\u00fccher doch wieder.<\/p>\n<p>Eine Recherche f\u00fchrte mich zu der folgenden Frage, die am 18. Februar 2019\u00a0\u00a0im Forum <a href=\"https:\/\/userforum.onleihe.de\/forum\/index.php?thread\/12937-adobe-digital-editions-4-5-8-zur%C3%BCckgegeben-titel-erscheinen-wieder\/\" target=\"_blank\" rel=\"noopener\">userforum.onleihe.de<\/a>:<\/p>\n<blockquote><p>Hallo, nachdem ich vor 2 Wochen die Adobe Digital Editions auf die Version 4.5.8 auf meinem PC aktualisiert habe erscheinen alle zur\u00fcckgegebenen EBooks wieder in der Bibliothek. Ich kann diese zwar durch klicken auf &#8222;Aus der Bibliothek entfernen&#8220; l\u00f6schen, aber nach dem erneuten \u00d6ffnen der ADE erscheinen sie wieder. Allerdings ist kein Bild verf\u00fcgbar, bei Autor und Herausgeber steht &#8222;unbekannt&#8220;, bei hinzugef\u00fcgt am steht der Zeitpunkt an dem ich das letzte Mal die ADE ge\u00f6ffnet habe und der Status ist &#8222;NEU&#8220;.<\/p><\/blockquote>\n<p>Der Ratschlag dort, dass man die automatische Synchronisierung ausschalten solle, funktionierte allerdings bei dem dortigen User nicht, auch bei mir \u00fcbrigens nicht.<\/p>\n<p>Schlie\u00dflich meldet sich am 19. Mai 2019 der User mumu, der eine L\u00f6sung vorschl\u00e4gt, die Datei &#8222;user.config&#8220; des ADE-Programms zu ver\u00e4ndern. Der Administrator des Forums schreibt dann aber, dass es bei ihm nicht geklappt hat.<\/p>\n<p>Im der Adobe Support Community habe ich aber unter der Rubrik <a href=\"https:\/\/community.adobe.com\/t5\/digital-editions\/entfernen-von-b%C3%BCchern-aus-der-bibliothek-der-ade\/m-p\/8454937?profile.language=de\" target=\"_blank\" rel=\"noopener\">Digital Edition<\/a> dieselbe Frage gefunden und die selbe Antwort. Der User kirsten mu &#8211;\u00a0identisch mit mumu im onleihe-Forum &#8211;\u00a0beschreibt dort am 21. Mai 2019 das gleiche Vorgehen dort folgenderma\u00dfen:<\/p>\n<blockquote><p>Da ich Adobe Digital Editions nur zum Entleihen nutze und die Synchronisierungsfunktion nicht nutze, habe ich die endlose Synchronisierung mit Hilfe eines Tricks dauerhaft unterbunden:<br \/>\nIch habe die Datei &#8222;user.config&#8220; unter<br \/>\nC:\\Users\\MEIN_NAME\\AppData\\Local\\Adobe_Systems_Incorporate\\DigitalEditions.exe_Url_qyaa14c3q2yckzgdtukp5ltfvp1pdpdu\\2.0.0.0<br \/>\nmit einem Texteditor ge\u00f6ffnet und die Zeile mit dem Datum der letzten Synchronisation &#8222;LastSyncToDeviceTime&#8220; gesucht.<br \/>\nDann habe ich das Datumsjahr in die weite Zukunft verlegt, z.B. vom Jahr 2019 auf\u00a0 das Jahr 3019 ge\u00e4ndert:<br \/>\n&lt;setting name=&#8220;LastSyncToDeviceTime&#8220; serializeAs=&#8220;String&#8220;&gt;<br \/>\n&lt;value&gt;urn:uuid:aa44b576-dfa6-43cc-b998-3c54b9d55e3e,3019-05-19T17:09:05+02:00<br \/>\nAu\u00dferdem hab ich alle alten Titel gel\u00f6scht aus dem Ordner<br \/>\nC:\\Users\\MEIN_NAME\\Documents\\My Digital Editions<br \/>\nund allen Unterordnern.<br \/>\n(&#8222;MEIN_NAME&#8220; steht f\u00fcr den aktuellen Benutzer)<br \/>\nSeitdem tauchen keine schon lange zur\u00fcckgegeben Titel mehr auf.<br \/>\nVielleicht hilft\u00b4s ja einigen von euch.<br \/>\nmumu<\/p><\/blockquote>\n<p>Diese L\u00f6sung hat bei mir auf jeden Fall auch geholfen.<\/p>\n<div class=\"PoweredByWebStory\" style=\"margin-top: 15px; margin-bottom: 10px;\"><a href=\"http:\/\/self.my\/cs_invite.php?u=9696\" target=\"_blank\" rel=\"noopener\"><img decoding=\"async\" style=\"border: 0;\" src=\"http:\/\/image.webstory.my\/WebStoryLogo20.png\" alt=\"Chrysanth WebStory\" \/><\/a>\u00a0Published by <a href=\"http:\/\/self.my\/cs_invite.php?u=9696\" target=\"_blank\" rel=\"noopener\">WebStory<\/a><\/div>\n","protected":false},"excerpt":{"rendered":"<p>Schon oft habe ich mich dar\u00fcber aufgeregt: Man leiht sich ein Buch oder eine Zeitschrift in einer Online-Bibliothek aus. Wenn die Ausleihfrist dann abgelaufen ist, erscheint in ADE dann der entsprechende Hinweis. Darauf habe ich das Buch aus der Bibliothek und der WALL entfernt. Beim n\u00e4chsten Einloggen aber erscheinen pl\u00f6tzlich alle abgelaufenen und entfernten B\u00fccher [&hellip;]<\/p>\n","protected":false},"author":4,"featured_media":0,"comment_status":"open","ping_status":"open","sticky":false,"template":"","format":"standard","meta":{"footnotes":""},"categories":[186,191,171],"tags":[115,27,63,81],"class_list":["post-2433","post","type-post","status-publish","format-standard","hentry","category-computerprobleme","category-ebooks","category-software","tag-computerprobleme","tag-ebook","tag-softwareanwendung","tag-tipps"],"_links":{"self":[{"href":"https:\/\/kurtjakob.ch\/index.php?rest_route=\/wp\/v2\/posts\/2433","targetHints":{"allow":["GET"]}}],"collection":[{"href":"https:\/\/kurtjakob.ch\/index.php?rest_route=\/wp\/v2\/posts"}],"about":[{"href":"https:\/\/kurtjakob.ch\/index.php?rest_route=\/wp\/v2\/types\/post"}],"author":[{"embeddable":true,"href":"https:\/\/kurtjakob.ch\/index.php?rest_route=\/wp\/v2\/users\/4"}],"replies":[{"embeddable":true,"href":"https:\/\/kurtjakob.ch\/index.php?rest_route=%2Fwp%2Fv2%2Fcomments&post=2433"}],"version-history":[{"count":3,"href":"https:\/\/kurtjakob.ch\/index.php?rest_route=\/wp\/v2\/posts\/2433\/revisions"}],"predecessor-version":[{"id":3875,"href":"https:\/\/kurtjakob.ch\/index.php?rest_route=\/wp\/v2\/posts\/2433\/revisions\/3875"}],"wp:attachment":[{"href":"https:\/\/kurtjakob.ch\/index.php?rest_route=%2Fwp%2Fv2%2Fmedia&parent=2433"}],"wp:term":[{"taxonomy":"category","embeddable":true,"href":"https:\/\/kurtjakob.ch\/index.php?rest_route=%2Fwp%2Fv2%2Fcategories&post=2433"},{"taxonomy":"post_tag","embeddable":true,"href":"https:\/\/kurtjakob.ch\/index.php?rest_route=%2Fwp%2Fv2%2Ftags&post=2433"}],"curies":[{"name":"wp","href":"https:\/\/api.w.org\/{rel}","templated":true}]}}