{"id":2380,"date":"2020-02-15T11:10:00","date_gmt":"2020-02-15T11:10:00","guid":{"rendered":"http:\/\/kurtjakob.ch\/?p=2380"},"modified":"2020-02-14T11:11:13","modified_gmt":"2020-02-14T11:11:13","slug":"buchstabe-x-mit-kombiniertem-akut","status":"publish","type":"post","link":"https:\/\/kurtjakob.ch\/?p=2380","title":{"rendered":"Buchstabe x mit kombiniertem Akut"},"content":{"rendered":"<p>In der deutschen Metrik gibt es eine Abk\u00fcrzung f\u00fcr betonte und eine f\u00fcr unbetonte Silben:<\/p>\n<p><a href=\"https:\/\/kurtjakob.ch\/wp-content\/uploads\/2020\/02\/image-2.png\"><img loading=\"lazy\" decoding=\"async\" width=\"290\" height=\"99\" title=\"image\" style=\"display: inline; background-image: none;\" alt=\"image\" src=\"https:\/\/kurtjakob.ch\/wp-content\/uploads\/2020\/02\/image_thumb-1.png\" border=\"0\"><\/a><\/p>\n<p>Ein Problem und damit auch der Grund, warum dieses Zeichen in der gedruckten Literatur kaum erscheint, ist die Tatsache, dass das entsprechende Zeichen, Buchstabe x mit aigue oder x mit kombiniertem Akut, sich offenbar nicht in den g\u00e4ngigen Programmen darstellen l\u00e4sst.<\/p>\n<p>Bei meiner Recherche bin ich auf eine entsprechende Anfrage im <a href=\"https:\/\/www.apfeltalk.de\/community\/threads\/buchstabe-x-mit-accent-aigu.64604\/\" target=\"_blank\" rel=\"noopener noreferrer\">apfeltalk<\/a> gestossen, ob sich das Zeichen in Word tats\u00e4chlich nicht darstellen lasse. Die Antwort dort lautet: nein, zumindest nicht ohne Tricks.<\/p>\n<p>Meine weiteren Recherchen f\u00fchrten dann auch in eine \u00e4hnliche Richtung, das entsprechende Zeichen geh\u00f6rt zu keiner bekannten Sprache, also ist es offenbar auch nicht n\u00f6tig, es darzustellen.<\/p>\n<p>Nun gibt es aber doch eine M\u00f6glichkeit im Unicode-Zeichensatz. Dort kann man <a href=\"https:\/\/de.wikipedia.org\/wiki\/Unicodeblock_Kombinierende_diakritische_Zeichen\" target=\"_blank\" rel=\"noopener noreferrer\">diakritische Zeichen darstellen<\/a>, und dazu geh\u00f6rt eben auch ein beliebiges Sprachzeichen mit einem kombinierenden Akut. F\u00fcr das gesuchte Zeichen lautet der Code folgendermassen:<\/p>\n<p><a href=\"https:\/\/kurtjakob.ch\/wp-content\/uploads\/2020\/02\/image-3.png\"><img loading=\"lazy\" decoding=\"async\" width=\"457\" height=\"140\" title=\"image\" style=\"display: inline; background-image: none;\" alt=\"image\" src=\"https:\/\/kurtjakob.ch\/wp-content\/uploads\/2020\/02\/image_thumb-2.png\" border=\"0\"><\/a><\/p>\n<p>Man tippt also etwa in Word ALT-Taste und den Code 769 auf der numerischen Tastatur ein, dadurch wird der Akut gesetzt, anschliessend das Zeichen setzt man das Zeichen x, das automatisch nach links ger\u00fcckt wird. Das klappt nat\u00fcrlich nicht in HTML, deshalb der Screenshot aus Word.<\/p>\n<p><a href=\"https:\/\/kurtjakob.ch\/wp-content\/uploads\/2020\/02\/image-4.png\"><img loading=\"lazy\" decoding=\"async\" width=\"456\" height=\"128\" title=\"image\" style=\"display: inline; background-image: none;\" alt=\"image\" src=\"https:\/\/kurtjakob.ch\/wp-content\/uploads\/2020\/02\/image_thumb-3.png\" border=\"0\"><\/a><\/p>\n","protected":false},"excerpt":{"rendered":"<p>In der deutschen Metrik gibt es eine Abk\u00fcrzung f\u00fcr betonte und eine f\u00fcr unbetonte Silben: Ein Problem und damit auch der Grund, warum dieses Zeichen in der gedruckten Literatur kaum erscheint, ist die Tatsache, dass das entsprechende Zeichen, Buchstabe x mit aigue oder x mit kombiniertem Akut, sich offenbar nicht in den g\u00e4ngigen Programmen darstellen [&hellip;]<\/p>\n","protected":false},"author":4,"featured_media":0,"comment_status":"open","ping_status":"open","sticky":false,"template":"","format":"standard","meta":{"footnotes":""},"categories":[186],"tags":[115,187],"class_list":["post-2380","post","type-post","status-publish","format-standard","hentry","category-computerprobleme","tag-computerprobleme","tag-tastatur"],"_links":{"self":[{"href":"https:\/\/kurtjakob.ch\/index.php?rest_route=\/wp\/v2\/posts\/2380","targetHints":{"allow":["GET"]}}],"collection":[{"href":"https:\/\/kurtjakob.ch\/index.php?rest_route=\/wp\/v2\/posts"}],"about":[{"href":"https:\/\/kurtjakob.ch\/index.php?rest_route=\/wp\/v2\/types\/post"}],"author":[{"embeddable":true,"href":"https:\/\/kurtjakob.ch\/index.php?rest_route=\/wp\/v2\/users\/4"}],"replies":[{"embeddable":true,"href":"https:\/\/kurtjakob.ch\/index.php?rest_route=%2Fwp%2Fv2%2Fcomments&post=2380"}],"version-history":[{"count":1,"href":"https:\/\/kurtjakob.ch\/index.php?rest_route=\/wp\/v2\/posts\/2380\/revisions"}],"predecessor-version":[{"id":2381,"href":"https:\/\/kurtjakob.ch\/index.php?rest_route=\/wp\/v2\/posts\/2380\/revisions\/2381"}],"wp:attachment":[{"href":"https:\/\/kurtjakob.ch\/index.php?rest_route=%2Fwp%2Fv2%2Fmedia&parent=2380"}],"wp:term":[{"taxonomy":"category","embeddable":true,"href":"https:\/\/kurtjakob.ch\/index.php?rest_route=%2Fwp%2Fv2%2Fcategories&post=2380"},{"taxonomy":"post_tag","embeddable":true,"href":"https:\/\/kurtjakob.ch\/index.php?rest_route=%2Fwp%2Fv2%2Ftags&post=2380"}],"curies":[{"name":"wp","href":"https:\/\/api.w.org\/{rel}","templated":true}]}}