{"id":235,"date":"2009-06-05T21:06:44","date_gmt":"2009-06-05T21:06:44","guid":{"rendered":"http:\/\/wp.kurtjakob.ch\/?p=235"},"modified":"2009-06-05T21:06:44","modified_gmt":"2009-06-05T21:06:44","slug":"ordnungssysteme-fa%c2%bcr-lehrer","status":"publish","type":"post","link":"https:\/\/kurtjakob.ch\/?p=235","title":{"rendered":"Ordnungssysteme f\u00fcr Lehrer"},"content":{"rendered":"<p align=\"left\">In einem Blogbeitrag bei <a href=\"http:\/\/sdinkel.wordpress.com\/2009\/05\/29\/papierkram-ordnungssystem\/\" target=\"_blank\">BlackMagicUniverse<\/a> wird \u00fcber Ordnungssysteme von Lehrern diskutiert. Der Autor spricht \u00fcber die Alternativen nach Klassen\/Jahrgangsstufen oder nach Themen zu sortieren. Verschiedene KommentatorInnen sprechen dann dar\u00fcber, ob das eine oder das andere Ordnungssystem \u2013 oder beide gut seien.<\/p>\n<p align=\"left\">Das ist der Nachteil der analogen Ordner: man kann die Bl\u00e4tter nur an eine Stelle einordnen, man k\u00f6nnte nat\u00fcrlich Kopien erstellen und diese dann an einer andern Stelle ablegen. Das w\u00fcrde bedeuten, dass gewisse Unterlagen an zwei oder noch mehr Stellen vorhanden w\u00e4ren. Bei \u00dcberarbeitungen m\u00fcsste man dies nat\u00fcrlich beachten.<\/p>\n<p align=\"left\">Ich ordne seit einiger Zeit digital, mit dem digitalen Ordnersystem von Leitz: <a href=\"http:\/\/www.eloweb.eu\/wcm\/\" target=\"_blank\">ELO Office<\/a>. Das System baut auf dem bekannten Ordner-System auf. Nur sind die Ordner jetzt nur noch als Symbole auf dem Bildschirm vorhanden. Im Unterschied zur Ordnerverwaltung unter Windows etwa, kann man nun Register in den Ordner einf\u00fcgen, in die Register Unterregister usw, nach Gutd\u00fcnken. Schliesslich kann man digitale Dokumente jeglicher Art ablegen \u2013 so wie man in einen Papierordner Bl\u00e4tter einf\u00fcgt. Schliesslich kann man logische Kopien erstellen und in ganz unterschiedliche Register ablegen. So kann man also dieselben Unterlagen bequem nach Jahrgangsstufe und nach Klasse oder auch Thema einordnen. Bei einer \u00dcberarbeitung der Dokumente sind nat\u00fcrlich auch alle logischen Kopien betroffen. Zudem kann man nat\u00fcrlich bequem suchen, wenn man trotz Register etwas nicht finden sollte.<\/p>\n<p align=\"left\">Ein wesentlicher Vorteil ist der Platzverbrauch. Ich habe alle Schulordner, die ich im Moment brauche, immer bei mir, sie sind auf einer kleinen Speicherkarte \u2013 sie f\u00fcllen etwas 1 GB. Die Ordner aller Jahre sind auf einer externen Festplatte.<\/p>\n","protected":false},"excerpt":{"rendered":"<p>In einem Blogbeitrag bei BlackMagicUniverse wird \u00fcber Ordnungssysteme von Lehrern diskutiert. Der Autor spricht \u00fcber die Alternativen nach Klassen\/Jahrgangsstufen oder nach Themen zu sortieren. Verschiedene KommentatorInnen sprechen dann dar\u00fcber, ob das eine oder das andere Ordnungssystem \u2013 oder beide gut seien. Das ist der Nachteil der analogen Ordner: man kann die Bl\u00e4tter nur an eine [&hellip;]<\/p>\n","protected":false},"author":4,"featured_media":0,"comment_status":"open","ping_status":"open","sticky":false,"template":"","format":"standard","meta":{"footnotes":""},"categories":[1],"tags":[4,78],"class_list":["post-235","post","type-post","status-publish","format-standard","hentry","category-uncategorized","tag-schulischer-alltag","tag-unterrichtsvorbereitung"],"_links":{"self":[{"href":"https:\/\/kurtjakob.ch\/index.php?rest_route=\/wp\/v2\/posts\/235","targetHints":{"allow":["GET"]}}],"collection":[{"href":"https:\/\/kurtjakob.ch\/index.php?rest_route=\/wp\/v2\/posts"}],"about":[{"href":"https:\/\/kurtjakob.ch\/index.php?rest_route=\/wp\/v2\/types\/post"}],"author":[{"embeddable":true,"href":"https:\/\/kurtjakob.ch\/index.php?rest_route=\/wp\/v2\/users\/4"}],"replies":[{"embeddable":true,"href":"https:\/\/kurtjakob.ch\/index.php?rest_route=%2Fwp%2Fv2%2Fcomments&post=235"}],"version-history":[{"count":0,"href":"https:\/\/kurtjakob.ch\/index.php?rest_route=\/wp\/v2\/posts\/235\/revisions"}],"wp:attachment":[{"href":"https:\/\/kurtjakob.ch\/index.php?rest_route=%2Fwp%2Fv2%2Fmedia&parent=235"}],"wp:term":[{"taxonomy":"category","embeddable":true,"href":"https:\/\/kurtjakob.ch\/index.php?rest_route=%2Fwp%2Fv2%2Fcategories&post=235"},{"taxonomy":"post_tag","embeddable":true,"href":"https:\/\/kurtjakob.ch\/index.php?rest_route=%2Fwp%2Fv2%2Ftags&post=235"}],"curies":[{"name":"wp","href":"https:\/\/api.w.org\/{rel}","templated":true}]}}