{"id":234,"date":"2009-06-04T08:59:11","date_gmt":"2009-06-04T08:59:11","guid":{"rendered":"http:\/\/wp.kurtjakob.ch\/?p=234"},"modified":"2009-06-04T08:59:11","modified_gmt":"2009-06-04T08:59:11","slug":"kein-netzzugriff-auf-den-stundenplan","status":"publish","type":"post","link":"https:\/\/kurtjakob.ch\/?p=234","title":{"rendered":"Kein Netzzugriff auf den Stundenplan"},"content":{"rendered":"<p align=\"left\">Heute Morgen kam ein Sch\u00fcler zu mir und erkl\u00e4rte, er habe die Unterlagen f\u00fcr mein Fach nicht hier. Seine Begr\u00fcndung: er habe heute Morgen die Homepage der Schule starten wollen, diese sei aber nicht zug\u00e4nglich gewesen, also habe er den Stundenplan f\u00fcr den heutigen Tag nicht anschauen k\u00f6nnen. Da er nicht auswendig wisse, welche F\u00e4cher an diesem Tag unterrichtet werden, habe er einfach auf gut Gl\u00fcck gewisse Unterlagen mitgenommen und sei in die Schule gefahren. Dort habe er dann Schulkollegen getroffen, die ihn ins richtige Zimmer mitgenommen h\u00e4tten.<\/p>\n<p align=\"left\">Ich fragte ihn, ob er sich denn nicht einen Stundenplan ausgedruckt habe. Das habe er, sagte er mir, und zwar schon mehrmals, aber diese habe er immer wieder verlegt und verloren, das bringe ihm gar nichts.<\/p>\n<p align=\"left\">Ist das die neue Generation, die sich fast blind auf das Funktionieren des Internets verl\u00e4sst? Sicher ist dieser Sch\u00fcler noch eine krasse Ausnahme, wer weiss aber, wie das in einigen Jahren sein wird.<\/p>\n","protected":false},"excerpt":{"rendered":"<p>Heute Morgen kam ein Sch\u00fcler zu mir und erkl\u00e4rte, er habe die Unterlagen f\u00fcr mein Fach nicht hier. Seine Begr\u00fcndung: er habe heute Morgen die Homepage der Schule starten wollen, diese sei aber nicht zug\u00e4nglich gewesen, also habe er den Stundenplan f\u00fcr den heutigen Tag nicht anschauen k\u00f6nnen. Da er nicht auswendig wisse, welche F\u00e4cher [&hellip;]<\/p>\n","protected":false},"author":4,"featured_media":0,"comment_status":"open","ping_status":"open","sticky":false,"template":"","format":"standard","meta":{"footnotes":""},"categories":[1],"tags":[85,4],"class_list":["post-234","post","type-post","status-publish","format-standard","hentry","category-uncategorized","tag-digital-natives","tag-schulischer-alltag"],"_links":{"self":[{"href":"https:\/\/kurtjakob.ch\/index.php?rest_route=\/wp\/v2\/posts\/234","targetHints":{"allow":["GET"]}}],"collection":[{"href":"https:\/\/kurtjakob.ch\/index.php?rest_route=\/wp\/v2\/posts"}],"about":[{"href":"https:\/\/kurtjakob.ch\/index.php?rest_route=\/wp\/v2\/types\/post"}],"author":[{"embeddable":true,"href":"https:\/\/kurtjakob.ch\/index.php?rest_route=\/wp\/v2\/users\/4"}],"replies":[{"embeddable":true,"href":"https:\/\/kurtjakob.ch\/index.php?rest_route=%2Fwp%2Fv2%2Fcomments&post=234"}],"version-history":[{"count":0,"href":"https:\/\/kurtjakob.ch\/index.php?rest_route=\/wp\/v2\/posts\/234\/revisions"}],"wp:attachment":[{"href":"https:\/\/kurtjakob.ch\/index.php?rest_route=%2Fwp%2Fv2%2Fmedia&parent=234"}],"wp:term":[{"taxonomy":"category","embeddable":true,"href":"https:\/\/kurtjakob.ch\/index.php?rest_route=%2Fwp%2Fv2%2Fcategories&post=234"},{"taxonomy":"post_tag","embeddable":true,"href":"https:\/\/kurtjakob.ch\/index.php?rest_route=%2Fwp%2Fv2%2Ftags&post=234"}],"curies":[{"name":"wp","href":"https:\/\/api.w.org\/{rel}","templated":true}]}}