{"id":2333,"date":"2020-01-25T09:23:42","date_gmt":"2020-01-25T09:23:42","guid":{"rendered":"http:\/\/kurtjakob.ch\/?p=2333"},"modified":"2021-05-19T21:45:26","modified_gmt":"2021-05-19T21:45:26","slug":"aus-der-pltzlichen-beschleunigung-wird-die-unbeabsichtigte-beschleunigung","status":"publish","type":"post","link":"https:\/\/kurtjakob.ch\/?p=2333","title":{"rendered":"Aus der &ldquo;Pl&ouml;tzlichen Beschleunigung&rdquo; wird die &ldquo;Unbeabsichtigte Beschleunigung&rdquo;"},"content":{"rendered":"<p>Im <a href=\"https:\/\/kurtjakob.ch\/?p=2327\" target=\"_blank\" rel=\"noopener noreferrer\">gestrigen Beitrag<\/a> habe ich \u00fcber eine Falschmeldung im <a href=\"https:\/\/www.tagesanzeiger.ch\/wirtschaft\/unternehmen-und-konjunktur\/ploetzlich-beschleunigt-der-tesla-ungewollt\/story\/29779043\" target=\"_blank\" rel=\"noopener noreferrer\">Tages-Anzeiger online<\/a> geschrieben. Diese Meldung wurde dort am 17.1.20 ver\u00f6ffentlicht. Bereits im Nachtrag zu meinem Beitrag habe ich vermerkt, dass diese Meldung im Tages-Anzeiger am 21.1.20\u00a0 ver\u00e4ndert worden ist.<\/p>\n<p>Schauen wir uns den zweiten Teil der Meldung an, der neu hinzugekommen ist.<\/p>\n<p>Die Schlagzeile lautet nun neu<\/p>\n<blockquote><p>Unbeabsichtigte Beschleunigung \u2013 Tesla weist Vorw\u00fcrfe zur\u00fcck<\/p><\/blockquote>\n<p>Hier die beiden Schlagzeilen vom 17.1.20 und vom 20.1.20<\/p>\n<p><img loading=\"lazy\" decoding=\"async\" src=\"https:\/\/kurtjakob.ch\/wp-content\/uploads\/2020\/01\/image_thumb-5.png\" alt=\"https:\/\/kurtjakob.ch\/wp-content\/uploads\/2020\/01\/image_thumb-5.png\" width=\"525\" height=\"76\" \/><\/p>\n<p>&nbsp;<\/p>\n<p><a href=\"https:\/\/kurtjakob.ch\/wp-content\/uploads\/2020\/01\/image-10.png\"><img loading=\"lazy\" decoding=\"async\" style=\"display: inline; background-image: none;\" title=\"image\" src=\"https:\/\/kurtjakob.ch\/wp-content\/uploads\/2020\/01\/image_thumb-8.png\" alt=\"image\" width=\"525\" height=\"97\" border=\"0\" \/><\/a><\/p>\n<p>Nach wie vor stimmt der Untertitel des neuen Beitrages irref\u00fchrend. Es gilt noch immer, das eine \u201cPetition\u201d beim NHTSA eingereicht worden ist. Derjenige, der dies verlangt, ist \u00fcbrigens kein Unbekannter, er hat schon mehrfach versucht, mit \u00e4hnlichen Vorst\u00f6ssen Einfluss auf den Kurs der Tesla-Aktien zu nehmen.<\/p>\n<p>Im neuen Fall ist dies <a href=\"https:\/\/www.tagesanzeiger.ch\/wirtschaft\/tesla-ist-an-der-boerse-erstmals-wertvoller-als-vw\/story\/22413202\" target=\"_blank\" rel=\"noopener noreferrer\">gr\u00fcndlich misslungen<\/a>. Die Aktie hat weiterhin an Wert zugelegt.<\/p>\n<p>Interessant ist der neue Untertitel des Beitrages<\/p>\n<blockquote><p>\u00abKomplett falsch\u00bb<\/p><\/blockquote>\n<p>Man beachte die Anf\u00fchrungs- und Schlusszeichen. Der zweite Teil ist der Stellungnahme von Tesla gewidmet. Es wird einfach ein <a href=\"https:\/\/www.tesla.com\/blog\/no-unintended-acceleration-tesla-vehicles\" target=\"_blank\" rel=\"noopener noreferrer\">Tesla-Beitrag<\/a> dargestellt \u2013 unkommentiert. Hier ein Screenshot \u2013 falls auch dieser Teil wieder verschwinden sollte:<\/p>\n<p><a href=\"https:\/\/kurtjakob.ch\/wp-content\/uploads\/2020\/01\/image-11.png\"><img loading=\"lazy\" decoding=\"async\" style=\"display: inline; background-image: none;\" title=\"image\" src=\"https:\/\/kurtjakob.ch\/wp-content\/uploads\/2020\/01\/image_thumb-9.png\" alt=\"image\" width=\"511\" height=\"522\" border=\"0\" \/><\/a><\/p>\n<p>Auff\u00e4llig, das niemand der Sache nachgegangen ist, dann h\u00e4tte man gesehen, dass ganz andere Quellen dies belegen. Es handelt sich also nicht einfach um die Meinung von Tesla, es handelt sich um Tatsachen.<\/p>\n","protected":false},"excerpt":{"rendered":"<p>Im gestrigen Beitrag habe ich \u00fcber eine Falschmeldung im Tages-Anzeiger online geschrieben. Diese Meldung wurde dort am 17.1.20 ver\u00f6ffentlicht. Bereits im Nachtrag zu meinem Beitrag habe ich vermerkt, dass diese Meldung im Tages-Anzeiger am 21.1.20\u00a0 ver\u00e4ndert worden ist. Schauen wir uns den zweiten Teil der Meldung an, der neu hinzugekommen ist. Die Schlagzeile lautet nun [&hellip;]<\/p>\n","protected":false},"author":4,"featured_media":0,"comment_status":"open","ping_status":"open","sticky":false,"template":"","format":"standard","meta":{"footnotes":""},"categories":[271,176],"tags":[183,33,184,185],"class_list":["post-2333","post","type-post","status-publish","format-standard","hentry","category-elektromobilitaet","category-richtigstellung","tag-fake-news","tag-12-medien","tag-presse","tag-tesla"],"_links":{"self":[{"href":"https:\/\/kurtjakob.ch\/index.php?rest_route=\/wp\/v2\/posts\/2333","targetHints":{"allow":["GET"]}}],"collection":[{"href":"https:\/\/kurtjakob.ch\/index.php?rest_route=\/wp\/v2\/posts"}],"about":[{"href":"https:\/\/kurtjakob.ch\/index.php?rest_route=\/wp\/v2\/types\/post"}],"author":[{"embeddable":true,"href":"https:\/\/kurtjakob.ch\/index.php?rest_route=\/wp\/v2\/users\/4"}],"replies":[{"embeddable":true,"href":"https:\/\/kurtjakob.ch\/index.php?rest_route=%2Fwp%2Fv2%2Fcomments&post=2333"}],"version-history":[{"count":4,"href":"https:\/\/kurtjakob.ch\/index.php?rest_route=\/wp\/v2\/posts\/2333\/revisions"}],"predecessor-version":[{"id":3210,"href":"https:\/\/kurtjakob.ch\/index.php?rest_route=\/wp\/v2\/posts\/2333\/revisions\/3210"}],"wp:attachment":[{"href":"https:\/\/kurtjakob.ch\/index.php?rest_route=%2Fwp%2Fv2%2Fmedia&parent=2333"}],"wp:term":[{"taxonomy":"category","embeddable":true,"href":"https:\/\/kurtjakob.ch\/index.php?rest_route=%2Fwp%2Fv2%2Fcategories&post=2333"},{"taxonomy":"post_tag","embeddable":true,"href":"https:\/\/kurtjakob.ch\/index.php?rest_route=%2Fwp%2Fv2%2Ftags&post=2333"}],"curies":[{"name":"wp","href":"https:\/\/api.w.org\/{rel}","templated":true}]}}