{"id":233,"date":"2009-06-01T16:40:19","date_gmt":"2009-06-01T16:40:19","guid":{"rendered":"http:\/\/wp.kurtjakob.ch\/?p=233"},"modified":"2009-06-01T16:40:19","modified_gmt":"2009-06-01T16:40:19","slug":"hat-das-gedruckte-buch-eine-zukunft","status":"publish","type":"post","link":"https:\/\/kurtjakob.ch\/?p=233","title":{"rendered":"Hat das gedruckte Buch eine Zukunft?"},"content":{"rendered":"<p align=\"left\">In einem Blogbeitrag schreibt <a target=\"_blank\" href=\"http:\/\/herrlarbig.de\/2009\/05\/18\/das-gedruckte-buch-ist-nicht-am-ende\/\">HerrLarbig.de<\/a>, dass das gedruckte Buch nicht am Ende ist. Das digitale Buch sieht er nicht als Gef\u00e4hrdung f\u00fcr das traditionelle Buch. Interessant ist seine Argumentation. Digitale Speichermedien haben eine gewisse Lebensdauer. Das Wissen im Netz scheint HerrnLabig unsicher.<\/p>\n<blockquote>\n<p align=\"left\">Wissen, das heute im Netz konstruiert wird, ob in Wikipedia oder in Blogs, ist kein Wissen, dessen Speicherung so abgsichert w\u00e4re, dass es auch noch in hundert Jahren leicht zug\u00e4nglich w\u00e4re, wie das bei B\u00fcchern heute \u00fcberhaupt kein Problem ist.<\/p>\n<\/blockquote>\n<p>B\u00fccher \u00fcberleben Jahrhunderte, digitale Medien nicht einmal eine Dekade, das der Grundtenor. Deshalb die Forderung:<\/p>\n<blockquote>\n<p align=\"left\">Irgendwann m\u00fcssen wir also beginnen, die uns wichtigen Erinnerungsst\u00fccke in die analoge Welt zur\u00fcck zu holen: Bilder und Webseitentexte ausdrucken, digital verbreitete E-Books wieder in Buchform binden und \u2013 ganz wichig \u2013 private E-Mails, die f\u00fcr uns bedeutsam sind, ausdrucken und zumindest, wie fr\u00fcher bei Briefen verbreitet, in einer Kiste sammeln. Tun wir das nicht, k\u00f6nnte unsere Zeit im R\u00fcckblick eine trotz der Massen an Information f\u00fcr die Nachwelt zu einer \u201edunklen\u201c quellenarmen Zeit werden, insbesondere in Bezug auf das allt\u00e4gliche Leben\u2026<\/p>\n<\/blockquote>\n<p>Hier meine pragmatische Antwort:<\/p>\n<ul>\n<li>\n<div align=\"left\">Erinnerungsst\u00fccke, die mir besonders wichtig sind, sind f\u00fcr andere wohl v\u00f6llig unwichtig. Wer ausser mir hat also \u00fcberhaupt Interesse an einer Aufbewahrung? Ich sehe nicht ein, warum ich sie ausdrucken sollte. Meine Erinnerungsst\u00fccke werden ohnehin mit mir verschwinden. Wenn sie nun etwas vor meinem Ableben verloren gehen, dann spielt dies, ehrlich gesagt, auch keine grosse Rolle. <\/div>\n<\/li>\n<li>\n<div align=\"left\">Erinnerungsst\u00fccke, die einer ganzen Gemeinschaft wichtig sind, sind wohl ohnehin bereits analog vorhanden. Mir f\u00e4llt spontan nichts ein, was nur digital vorhanden ist und was man als Erinnerungsst\u00fcck etwa der Schweizer anschauen k\u00f6nnte. Und wie steht es mit Filmen aus? Sollen sie auf analoge Medien gesichert werden. Diese sind aber auch nicht sehr sicher. <\/div>\n<\/li>\n<li>\n<div align=\"left\">Ebooks in Buchform binden? Was h\u00e4lt da wohl l\u00e4nger: der Ausdruck eines Ebooks oder die abertausend Speicherungen auf unterschiedlichsten Medien? Ich m\u00f6chte nur kurz daran erinnern, dass 48 v. Chr. die <a target=\"_blank\" href=\"http:\/\/de.wikipedia.org\/wiki\/Bibliothek_von_Alexandria#Das_Ende_der_Bibliothek\">Bibliothek von Alexandria<\/a> abgebrannt ist und mit ihr sind grosse Menge von B\u00fcchern von unsch\u00e4tzbarem Wert vernichtet worden. Wir kennen zudem gen\u00fcgend Beispiele von B\u00fcchervernichtungen und \u2013verbrennungen in der neueren Geschichte. Wer garantiert uns, dass nicht irgendein gr\u00f6ssenwahnsinniger Herrscher auch die gedruckten B\u00fccher vernichten l\u00e4sst? <\/div>\n<\/li>\n<\/ul>\n<p align=\"left\">Ich glaube auch nicht, dass das gedruckte Buch verschwinden wird. Warum sollte es auch. Es gibt viele gute Gr\u00fcnde, warum man lieber ein gedrucktes Buch liest als ein digitales. Aber das digitale Buch wird sich in naher Zukunft durchsetzen, es wird nicht einfach die digitale Form des gedruckten Buches sein, es wird ein multimediales Buch sein mit Text, Bildern, Filmen, nat\u00fcrlich mit Ton. Sehbehinderte werden es sich vorlesen lassen k\u00f6nnen. Und wie sollten wir denn ein solches Buch ausdrucken zur Erhaltung?<\/p>\n<p align=\"left\">Noch eine Bemerkung zur Verg\u00e4nglichkeit der Informationen im Internet: Auf den Seiten von <a target=\"_blank\" href=\"http:\/\/www.archive.org\/index.php\">InternetArchive<\/a> erf\u00e4hrt man von einem gigantischen Projekt, in dem versucht wird, digitale Texte f\u00fcr die Nachwelt zu erhalten:<\/p>\n<blockquote>\n<p align=\"left\">The Internet Archive is working to prevent the Internet &#8211; a new medium with major historical significance &#8211; and other &quot;born-digital&quot; materials from disappearing into the past.<\/p>\n<\/blockquote>\n","protected":false},"excerpt":{"rendered":"<p>In einem Blogbeitrag schreibt HerrLarbig.de, dass das gedruckte Buch nicht am Ende ist. Das digitale Buch sieht er nicht als Gef\u00e4hrdung f\u00fcr das traditionelle Buch. Interessant ist seine Argumentation. Digitale Speichermedien haben eine gewisse Lebensdauer. Das Wissen im Netz scheint HerrnLabig unsicher. Wissen, das heute im Netz konstruiert wird, ob in Wikipedia oder in Blogs, [&hellip;]<\/p>\n","protected":false},"author":3,"featured_media":0,"comment_status":"open","ping_status":"open","sticky":false,"template":"","format":"standard","meta":{"footnotes":""},"categories":[1],"tags":[27,30],"class_list":["post-233","post","type-post","status-publish","format-standard","hentry","category-uncategorized","tag-ebook","tag-internet"],"_links":{"self":[{"href":"https:\/\/kurtjakob.ch\/index.php?rest_route=\/wp\/v2\/posts\/233","targetHints":{"allow":["GET"]}}],"collection":[{"href":"https:\/\/kurtjakob.ch\/index.php?rest_route=\/wp\/v2\/posts"}],"about":[{"href":"https:\/\/kurtjakob.ch\/index.php?rest_route=\/wp\/v2\/types\/post"}],"author":[{"embeddable":true,"href":"https:\/\/kurtjakob.ch\/index.php?rest_route=\/wp\/v2\/users\/3"}],"replies":[{"embeddable":true,"href":"https:\/\/kurtjakob.ch\/index.php?rest_route=%2Fwp%2Fv2%2Fcomments&post=233"}],"version-history":[{"count":0,"href":"https:\/\/kurtjakob.ch\/index.php?rest_route=\/wp\/v2\/posts\/233\/revisions"}],"wp:attachment":[{"href":"https:\/\/kurtjakob.ch\/index.php?rest_route=%2Fwp%2Fv2%2Fmedia&parent=233"}],"wp:term":[{"taxonomy":"category","embeddable":true,"href":"https:\/\/kurtjakob.ch\/index.php?rest_route=%2Fwp%2Fv2%2Fcategories&post=233"},{"taxonomy":"post_tag","embeddable":true,"href":"https:\/\/kurtjakob.ch\/index.php?rest_route=%2Fwp%2Fv2%2Ftags&post=233"}],"curies":[{"name":"wp","href":"https:\/\/api.w.org\/{rel}","templated":true}]}}