{"id":2312,"date":"2018-10-18T16:37:35","date_gmt":"2018-10-18T16:37:35","guid":{"rendered":"http:\/\/blog.kurtjakob.ch\/?p=2312"},"modified":"2021-07-05T20:31:05","modified_gmt":"2021-07-05T20:31:05","slug":"angelika-kluessendorf-jahre-spaeter-2","status":"publish","type":"post","link":"https:\/\/kurtjakob.ch\/?p=2312","title":{"rendered":"Angelika Kl\u00fcssendorf &#8211; Jahre sp\u00e4ter"},"content":{"rendered":"\r\n<p>In einem Schulprojekt im Literaturunterricht konnten die Sch\u00fclerinnen und Sch\u00fcler aus der Longlist der f\u00fcr den Deutschen Buchpreis nominierten Titeln ein Buch ausw\u00e4hlen. Eine Gruppe hat sich f\u00fcr das Buch von Angelika Kl\u00fcssendorf <em>Jahre sp\u00e4ter<\/em> entschieden.<br \/>Im Moment werden diese B\u00fccher nun gelesen und dann in einer n\u00e4chsten Phase der Klasse vorgestellt. Ich werde hier Ausz\u00fcge aus den Vorstellungen ver\u00f6ffentlichen.<\/p>\r\n","protected":false},"excerpt":{"rendered":"<p>In einem Schulprojekt im Literaturunterricht konnten die Sch\u00fclerinnen und Sch\u00fcler aus der Longlist der f\u00fcr den Deutschen Buchpreis nominierten Titeln ein Buch ausw\u00e4hlen. Eine Gruppe hat sich f\u00fcr das Buch von Angelika Kl\u00fcssendorf Jahre sp\u00e4ter entschieden.Im Moment werden diese B\u00fccher nun gelesen und dann in einer n\u00e4chsten Phase der Klasse vorgestellt. Ich werde hier Ausz\u00fcge [&hellip;]<\/p>\n","protected":false},"author":4,"featured_media":0,"comment_status":"open","ping_status":"open","sticky":false,"template":"","format":"standard","meta":{"footnotes":""},"categories":[340,165],"tags":[],"class_list":["post-2312","post","type-post","status-publish","format-standard","hentry","category-buchvorstellung","category-buchzeichen"],"_links":{"self":[{"href":"https:\/\/kurtjakob.ch\/index.php?rest_route=\/wp\/v2\/posts\/2312","targetHints":{"allow":["GET"]}}],"collection":[{"href":"https:\/\/kurtjakob.ch\/index.php?rest_route=\/wp\/v2\/posts"}],"about":[{"href":"https:\/\/kurtjakob.ch\/index.php?rest_route=\/wp\/v2\/types\/post"}],"author":[{"embeddable":true,"href":"https:\/\/kurtjakob.ch\/index.php?rest_route=\/wp\/v2\/users\/4"}],"replies":[{"embeddable":true,"href":"https:\/\/kurtjakob.ch\/index.php?rest_route=%2Fwp%2Fv2%2Fcomments&post=2312"}],"version-history":[{"count":2,"href":"https:\/\/kurtjakob.ch\/index.php?rest_route=\/wp\/v2\/posts\/2312\/revisions"}],"predecessor-version":[{"id":2925,"href":"https:\/\/kurtjakob.ch\/index.php?rest_route=\/wp\/v2\/posts\/2312\/revisions\/2925"}],"wp:attachment":[{"href":"https:\/\/kurtjakob.ch\/index.php?rest_route=%2Fwp%2Fv2%2Fmedia&parent=2312"}],"wp:term":[{"taxonomy":"category","embeddable":true,"href":"https:\/\/kurtjakob.ch\/index.php?rest_route=%2Fwp%2Fv2%2Fcategories&post=2312"},{"taxonomy":"post_tag","embeddable":true,"href":"https:\/\/kurtjakob.ch\/index.php?rest_route=%2Fwp%2Fv2%2Ftags&post=2312"}],"curies":[{"name":"wp","href":"https:\/\/api.w.org\/{rel}","templated":true}]}}