{"id":23,"date":"2006-09-27T16:46:36","date_gmt":"2006-09-27T16:46:36","guid":{"rendered":"http:\/\/wp.kurtjakob.ch\/?p=23"},"modified":"2021-05-01T14:39:09","modified_gmt":"2021-05-01T14:39:09","slug":"spezialwochen-an-der-kanti","status":"publish","type":"post","link":"https:\/\/kurtjakob.ch\/?p=23","title":{"rendered":"Spezialwochen an der Kanti"},"content":{"rendered":"<p><span style=\"font-size: medium;\">In der vergangenen Woche besch\u00e4ftigten sich Sch\u00fclerinnen und Sch\u00fcler anl\u00e4sslich der Spezialwochen auf andere Arten mit ihren Lernstoffen. Auff\u00e4llig\u00a0war beim oberfl\u00e4chllichen Beobachten, dass die Klassenzimmer h\u00e4ufig leer\u00a0und die Sch\u00fcler ausser Haus waren.<\/span><\/p>\n<p><span style=\"font-size: medium;\">Schade nur, dass man auch als Lehrkraft im Haus nicht genau wusste, was die einzelnen Kolleginnen und Kollegen mit ihren Sch\u00fclern machten. So nebenbei hat man geh\u00f6rt, dass sich Spannendes ereignet hat. Resultate von Gruppenarbeiten wurden sogar \u00f6ffentlich pr\u00e4sentiert &#8211; nur hat man als Lehrkraft offiziell nichts davon gewusst.<\/span><\/p>\n<p><span style=\"font-size: medium;\">Das w\u00e4re doch etwas f\u00fcr Blogs, oder f\u00fcr WIKIs, oder? Gut, man kann auch bis zum n\u00e4chsten Jahresbericht warten, dann weiss man es ja. Aber dieser kommt erst im November 2007!<\/span><\/p>\n","protected":false},"excerpt":{"rendered":"<p>In der vergangenen Woche besch\u00e4ftigten sich Sch\u00fclerinnen und Sch\u00fcler anl\u00e4sslich der Spezialwochen auf andere Arten mit ihren Lernstoffen. Auff\u00e4llig\u00a0war beim oberfl\u00e4chllichen Beobachten, dass die Klassenzimmer h\u00e4ufig leer\u00a0und die Sch\u00fcler ausser Haus waren. Schade nur, dass man auch als Lehrkraft im Haus nicht genau wusste, was die einzelnen Kolleginnen und Kollegen mit ihren Sch\u00fclern machten. So [&hellip;]<\/p>\n","protected":false},"author":3,"featured_media":0,"comment_status":"open","ping_status":"open","sticky":false,"template":"","format":"standard","meta":{"footnotes":""},"categories":[212],"tags":[2,4,13],"class_list":["post-23","post","type-post","status-publish","format-standard","hentry","category-schule","tag-blog","tag-schulischer-alltag","tag-wiki"],"_links":{"self":[{"href":"https:\/\/kurtjakob.ch\/index.php?rest_route=\/wp\/v2\/posts\/23","targetHints":{"allow":["GET"]}}],"collection":[{"href":"https:\/\/kurtjakob.ch\/index.php?rest_route=\/wp\/v2\/posts"}],"about":[{"href":"https:\/\/kurtjakob.ch\/index.php?rest_route=\/wp\/v2\/types\/post"}],"author":[{"embeddable":true,"href":"https:\/\/kurtjakob.ch\/index.php?rest_route=\/wp\/v2\/users\/3"}],"replies":[{"embeddable":true,"href":"https:\/\/kurtjakob.ch\/index.php?rest_route=%2Fwp%2Fv2%2Fcomments&post=23"}],"version-history":[{"count":2,"href":"https:\/\/kurtjakob.ch\/index.php?rest_route=\/wp\/v2\/posts\/23\/revisions"}],"predecessor-version":[{"id":2757,"href":"https:\/\/kurtjakob.ch\/index.php?rest_route=\/wp\/v2\/posts\/23\/revisions\/2757"}],"wp:attachment":[{"href":"https:\/\/kurtjakob.ch\/index.php?rest_route=%2Fwp%2Fv2%2Fmedia&parent=23"}],"wp:term":[{"taxonomy":"category","embeddable":true,"href":"https:\/\/kurtjakob.ch\/index.php?rest_route=%2Fwp%2Fv2%2Fcategories&post=23"},{"taxonomy":"post_tag","embeddable":true,"href":"https:\/\/kurtjakob.ch\/index.php?rest_route=%2Fwp%2Fv2%2Ftags&post=23"}],"curies":[{"name":"wp","href":"https:\/\/api.w.org\/{rel}","templated":true}]}}