{"id":2299,"date":"2020-01-17T16:59:35","date_gmt":"2020-01-17T16:59:35","guid":{"rendered":"http:\/\/kurtjakob.ch\/?p=2299"},"modified":"2020-01-17T17:01:00","modified_gmt":"2020-01-17T17:01:00","slug":"falsche-zitate","status":"publish","type":"post","link":"https:\/\/kurtjakob.ch\/?p=2299","title":{"rendered":"Falsche Zitate"},"content":{"rendered":"<p>Neulich las ich auf einer Trauerkarte den folgenden Spruch<\/p>\n<blockquote><p>Wer im Ged\u00e4chtnis seiner Lieben lebt, der ist nicht tot, der ist nur fern; tot ist nur, wer vergessen wird.<br \/>\n(Immanuel Kant)<\/p><\/blockquote>\n<p>Nichts gegen diesen Spruch, aber der Autor? Da kann etwas nicht stimmen. Eine einfache Suchanfrage im Internet ergibt eine grosse Anzahl an Quellen, die den Spruch Immanuel Kant zuweisen, so die <a href=\"https:\/\/www.gedenkseiten.de\/trauersprueche\/w\/236\/\" target=\"_blank\" rel=\"noopener noreferrer\">Gedenkseiten.de<\/a>,eine Quelle auf <a href=\"https:\/\/www.pinterest.it\/pin\/125749014580870880\/\" target=\"_blank\" rel=\"noopener noreferrer\">pinterest<\/a>, <a href=\"http:\/\/www.kartenspruch.de\/wer-im-gedaechtnis-seiner-lieben-lebt-der-ist-nicht-tot-der-ist-nur-fern-tot-ist-nur-wer-vergessen-wird\/\" target=\"_blank\" rel=\"noopener noreferrer\">Kartenspruch.de<\/a>, auf <a href=\"https:\/\/sprueche.woxikon.de\/traurige-sprueche\/sprueche-fuer-trauerkarten\/2979-wer-im-gedaechtnis-seiner-lieben-lebt-ist-nicht-tot-er-ist-nur-fern-tot-ist-nur-wer-vergessen-wird\" target=\"_blank\" rel=\"noopener noreferrer\">woxikon.de<\/a>, bei <a href=\"https:\/\/www.bamberg-bestattungen.de\/de\/leistungen\/trauersprueche\/zitate\/\" target=\"_blank\" rel=\"noopener noreferrer\">Bestattungsanbietern<\/a>, auf <a href=\"https:\/\/www.mein-wahres-ich.de\/sprueche\/beileidssprueche\/1165\" target=\"_blank\" rel=\"noopener noreferrer\">mein-wahres-ich.de<\/a>, aber auch auf <a href=\"https:\/\/dict.leo.org\/forum\/viewUnsolvedquery.php?idForum=29&amp;idThread=1278698&amp;lp=itde&amp;lang=de\" target=\"_blank\" rel=\"noopener noreferrer\">dict.leo<\/a>. Auf <a href=\"https:\/\/gutezitate.com\/zitat\/107779\" target=\"_blank\" rel=\"noopener noreferrer\">gutezitate.de<\/a> ist schliesslich sogar ein Bild von Kant eingef\u00fcgt, ebenso auf <a href=\"https:\/\/www.zitate.eu\/autor\/immanuel-kant-zitate\/117261\" target=\"_blank\" rel=\"noopener noreferrer\">zitate.eu<\/a>.<\/p>\n<p>Auf anderen Seiten erscheint pl\u00f6tzlich neben Kant auch Seneca als Verfasser, so etwa auf <a href=\"https:\/\/www.trauerspruch.de\/kondolenzspruch\" target=\"_blank\" rel=\"noopener noreferrer\">trauerspruch.de<\/a>.<\/p>\n<p>Von all den Beispielen sollte man sich aber nicht blenden lassen. Das Zitat passt ganz und gar nicht zu Kant. Da w\u00fcsste ich doch sehr gerne, aus welchem seiner Werke es denn stammen k\u00f6nnte. Einen Namen hat man schnell unter ein Zitat gesetzt, wo aber befindet sich das Original?<\/p>\n<p>Andere Internet-Seiten sind etwas skeptischer, sie setzen vorsichtigerweise keinen Namen unter das Zitat, etwa <a href=\"https:\/\/www.schleifendruckerei.de\/trauerspruch\/Wer-im-Gedaechtnis-seiner-Lieben-lebt-ist-nicht-tot-er-ist-nur-fern.\" target=\"_blank\" rel=\"noopener noreferrer\">schleifendruckerei.de<\/a>, auf <a href=\"https:\/\/www.plusminus60.de\/Guenstige-Sterbegeldversicherung-Vergleich\/Gedanken-zu\/Trauern\/Trauer-Sprueche\/tot-vergessen.html\" target=\"_blank\" rel=\"noopener noreferrer\">plusminus60.de<\/a> wird der Verfasser als unbekannt angegeben.<\/p>\n<p>Nach einigem Suchen findet man auf <a href=\"http:\/\/falschzitate.blogspot.com\/2018\/08\/wer-im-gedachtnis-seiner-lieben-lebt.html\" target=\"_blank\" rel=\"noopener noreferrer\">falschezitate.blogspot.de<\/a> einen interessanten Hinweis. Dort lautet das Zitat nun etwas anders:<\/p>\n<blockquote><p>Wer im Ged\u00e4chtni\u00df seiner Lieben lebt, Ist ja nicht todt, er ist nur fern. \u2013 <b>Todt nur<br \/>\nIst, wer vergessen wird; <\/b> ich aber werde,<br \/>\nIch wei\u00df es, nicht vergessen seyn von dir \u2013<\/p><\/blockquote>\n<p>Als Autor wird Joseph Christian von Zedlitz angegeben, das Zitat stamme aus dem Werk \u201cDer Stern von Sevilla\u201d, dazu wird so gar der Link auf die Quelle angegeben \u2013 leider noch auf gutenberg.spiegel.de \u2013 diese Seite ist seit dem 8.1.20 aber <a href=\"https:\/\/www.projekt-gutenberg.org\/index.html\" target=\"_blank\" rel=\"noopener noreferrer\">hier<\/a> erreichbar, siehe dazu <a href=\"http:\/\/blog.kurtjakob.ch\/?p=2295\" target=\"_blank\" rel=\"noopener noreferrer\">meinen Beitrag<\/a>.<\/p>\n<p>Die Quelle zu diesem Werk findet man neu also hier: <a title=\"https:\/\/www.projekt-gutenberg.org\/zedlitz\/sevilla\/chap004.html\" href=\"https:\/\/www.projekt-gutenberg.org\/zedlitz\/sevilla\/chap004.html\">https:\/\/www.projekt-gutenberg.org\/zedlitz\/sevilla\/chap004.html<\/a><\/p>\n<p>Damit ist das R\u00e4tsel wohl gel\u00f6st. Und wie wir auf falschezitate erfahren, ist schon vor Jahren von Prof. Ulrich Seelbach auf die falsche Zuschreibung aufmerksam gemacht worden:<\/p>\n<blockquote><p>Obwohl der Literaturwissenschaftler Ulrich Seelbach von der Universit\u00e4t Bielefeld dankenswerter Weise schon vor Jahren auf diese falsche Zuschreibung des Zedlitz-Zitats in seiner Sammlung von Trauerspr\u00fcchen hingewiesen hat, wird dieses Zitat weiterhin in Trauerspruchsammlungen, B\u00fcchern und Zeitungen Immanuel Kant und manchmal auch irrt\u00fcmlich Seneca zugeschrieben.<\/p><\/blockquote>\n<p>Die Quelle zu diesem Artikel von Seelbach findet man <a href=\"https:\/\/www.uni-bielefeld.de\/lili\/personen\/useelbach\/STUD\/trauersprueche.html#W\" target=\"_blank\" rel=\"noopener noreferrer\">hier<\/a>.<\/p>\n<p>Immerhin haben auch einige Seiten die richtige Zuschreibung gemacht, etwa <a href=\"https:\/\/www.aphorismen.de\/zitat\/5390\" target=\"_blank\" rel=\"noopener noreferrer\">aphorismen.de<\/a> oder die <a href=\"https:\/\/www.hanas-wunschwerkstatt.de\/portfolio\/tattoo-tod-mit-glaskugel\/\" target=\"_blank\" rel=\"noopener noreferrer\">wunschwerkstatt<\/a>.<\/p>\n","protected":false},"excerpt":{"rendered":"<p>Neulich las ich auf einer Trauerkarte den folgenden Spruch Wer im Ged\u00e4chtnis seiner Lieben lebt, der ist nicht tot, der ist nur fern; tot ist nur, wer vergessen wird. (Immanuel Kant) Nichts gegen diesen Spruch, aber der Autor? Da kann etwas nicht stimmen. Eine einfache Suchanfrage im Internet ergibt eine grosse Anzahl an Quellen, die [&hellip;]<\/p>\n","protected":false},"author":4,"featured_media":0,"comment_status":"open","ping_status":"open","sticky":false,"template":"","format":"standard","meta":{"footnotes":""},"categories":[176],"tags":[134,129,97,177],"class_list":["post-2299","post","type-post","status-publish","format-standard","hentry","category-richtigstellung","tag-information","tag-recherche","tag-sprachliches","tag-zitat"],"_links":{"self":[{"href":"https:\/\/kurtjakob.ch\/index.php?rest_route=\/wp\/v2\/posts\/2299","targetHints":{"allow":["GET"]}}],"collection":[{"href":"https:\/\/kurtjakob.ch\/index.php?rest_route=\/wp\/v2\/posts"}],"about":[{"href":"https:\/\/kurtjakob.ch\/index.php?rest_route=\/wp\/v2\/types\/post"}],"author":[{"embeddable":true,"href":"https:\/\/kurtjakob.ch\/index.php?rest_route=\/wp\/v2\/users\/4"}],"replies":[{"embeddable":true,"href":"https:\/\/kurtjakob.ch\/index.php?rest_route=%2Fwp%2Fv2%2Fcomments&post=2299"}],"version-history":[{"count":2,"href":"https:\/\/kurtjakob.ch\/index.php?rest_route=\/wp\/v2\/posts\/2299\/revisions"}],"predecessor-version":[{"id":2301,"href":"https:\/\/kurtjakob.ch\/index.php?rest_route=\/wp\/v2\/posts\/2299\/revisions\/2301"}],"wp:attachment":[{"href":"https:\/\/kurtjakob.ch\/index.php?rest_route=%2Fwp%2Fv2%2Fmedia&parent=2299"}],"wp:term":[{"taxonomy":"category","embeddable":true,"href":"https:\/\/kurtjakob.ch\/index.php?rest_route=%2Fwp%2Fv2%2Fcategories&post=2299"},{"taxonomy":"post_tag","embeddable":true,"href":"https:\/\/kurtjakob.ch\/index.php?rest_route=%2Fwp%2Fv2%2Ftags&post=2299"}],"curies":[{"name":"wp","href":"https:\/\/api.w.org\/{rel}","templated":true}]}}