{"id":228,"date":"2009-03-08T22:42:51","date_gmt":"2009-03-08T22:42:51","guid":{"rendered":"http:\/\/wp.kurtjakob.ch\/?p=228"},"modified":"2009-03-08T22:42:51","modified_gmt":"2009-03-08T22:42:51","slug":"kindle-auf-dem-iphone-und-dem-ipod-touch","status":"publish","type":"post","link":"https:\/\/kurtjakob.ch\/?p=228","title":{"rendered":"Kindle auf dem iPhone und dem iPod touch"},"content":{"rendered":"<p><a target=\"_blank\" href=\"http:\/\/www.amazon.com\/gp\/feature.html?ie=UTF8&#038;ref=dp_kinw_ae_2&#038;docId=1000301301\"><img decoding=\"async\" src=\"http:\/\/g-ecx.images-amazon.com\/images\/G\/01\/digital\/kindle\/lassen\/iphone-animation._V249036016_.gif\" \/><\/a> <\/p>\n<p align=\"left\">Letzte Woche konnte man es immer wieder lesen: Kindle books sind nun auch auf dem iPhone und dem iPod touch lesbar. Auf der Webseite von <a target=\"_blank\" href=\"http:\/\/www.amazon.com\/gp\/feature.html?ie=UTF8&#038;ref=dp_kinw_ae_2&#038;docId=1000301301\">amazon.com<\/a> wird dies angek\u00fcndigt. Auch im deutschsprachigen Raum ist vielfach dar\u00fcber berichtet worden: etwa in der <a target=\"_blank\" href=\"http:\/\/www.computerzeitung.de\/articles\/iphone_und_ipod_touch_als_kindle-reader:\/2009011\/31863736_ha_CZ.html?thes=9812,8005,10229,10231&#038;tp=\/ausrichtungen\/anwendungen\">Computer Zeitung<\/a> oder auf <a target=\"_blank\" href=\"http:\/\/www.spiegel.de\/netzwelt\/spielzeug\/0,1518,611255,00.html\">Spiegel online<\/a>. Damit d\u00fcrfte ein weiterer wichtiger Schritt in Richtung Durchsetzung von Ebooks vollzogen worden sein.<\/p>\n<p align=\"left\">Vor einiger Zeit habe ich dar\u00fcber geschrieben, wie ich ein Buch von <a target=\"_blank\" href=\"http:\/\/blog.kurtjakob.ch\/index.php?\/archives\/202-Ebooks-eine-kleiner-Erfahrungsbericht.html\">Bruce Keener<\/a> gesucht habe. Schon dort ist aufgefallen, dass die Kindle- B\u00fccher die billigsten sind &#8211; aber ohne Kindle war damals nichts zu machen. K\u00f6nnen wir nun endlich auch in Europa\u00a0 diese B\u00fccher auf dem iPhone lesen?<\/p>\n<p align=\"left\">Ein kurzer Blick in den iTunes Store zeigt aber, dass der Download der Applikation nicht \u00fcber das Schweizer Portal von iTunes m\u00f6glich ist, man muss sich die entsprechende Software auf der amerikanischen Seite\u00a0 holen und dies kann man bekanntlich nicht, wenn man nicht in den USA Wohnsitz hat. Damit ist klar, die Kindle-B\u00fccher sind f\u00fcr den amerikanischen Markt gedacht, ich nehme an, dass die Software zudem gar nicht auf den deutschen Versionen des iPhone und des iPod touch laufen wird, und wahrscheinlich sind die Kindle-B\u00fccher nur f\u00fcr amerikanische Kunden von amazon gedacht.<\/p>\n<p align=\"left\">Europa bleibt also vorerst ohne Kindle.<\/p>\n<p align=\"left\" \/>\n","protected":false},"excerpt":{"rendered":"<p>Letzte Woche konnte man es immer wieder lesen: Kindle books sind nun auch auf dem iPhone und dem iPod touch lesbar. Auf der Webseite von amazon.com wird dies angek\u00fcndigt. Auch im deutschsprachigen Raum ist vielfach dar\u00fcber berichtet worden: etwa in der Computer Zeitung oder auf Spiegel online. Damit d\u00fcrfte ein weiterer wichtiger Schritt in Richtung [&hellip;]<\/p>\n","protected":false},"author":3,"featured_media":0,"comment_status":"open","ping_status":"open","sticky":false,"template":"","format":"standard","meta":{"footnotes":""},"categories":[1],"tags":[27,89],"class_list":["post-228","post","type-post","status-publish","format-standard","hentry","category-uncategorized","tag-ebook","tag-kindle"],"_links":{"self":[{"href":"https:\/\/kurtjakob.ch\/index.php?rest_route=\/wp\/v2\/posts\/228","targetHints":{"allow":["GET"]}}],"collection":[{"href":"https:\/\/kurtjakob.ch\/index.php?rest_route=\/wp\/v2\/posts"}],"about":[{"href":"https:\/\/kurtjakob.ch\/index.php?rest_route=\/wp\/v2\/types\/post"}],"author":[{"embeddable":true,"href":"https:\/\/kurtjakob.ch\/index.php?rest_route=\/wp\/v2\/users\/3"}],"replies":[{"embeddable":true,"href":"https:\/\/kurtjakob.ch\/index.php?rest_route=%2Fwp%2Fv2%2Fcomments&post=228"}],"version-history":[{"count":0,"href":"https:\/\/kurtjakob.ch\/index.php?rest_route=\/wp\/v2\/posts\/228\/revisions"}],"wp:attachment":[{"href":"https:\/\/kurtjakob.ch\/index.php?rest_route=%2Fwp%2Fv2%2Fmedia&parent=228"}],"wp:term":[{"taxonomy":"category","embeddable":true,"href":"https:\/\/kurtjakob.ch\/index.php?rest_route=%2Fwp%2Fv2%2Fcategories&post=228"},{"taxonomy":"post_tag","embeddable":true,"href":"https:\/\/kurtjakob.ch\/index.php?rest_route=%2Fwp%2Fv2%2Ftags&post=228"}],"curies":[{"name":"wp","href":"https:\/\/api.w.org\/{rel}","templated":true}]}}