{"id":224,"date":"2009-03-02T20:23:33","date_gmt":"2009-03-02T20:23:33","guid":{"rendered":"http:\/\/wp.kurtjakob.ch\/?p=224"},"modified":"2009-03-02T20:23:33","modified_gmt":"2009-03-02T20:23:33","slug":"scha%c2%bcler-der-ksso-neu-im-gisy","status":"publish","type":"post","link":"https:\/\/kurtjakob.ch\/?p=224","title":{"rendered":"Sch\u00fcler der KSSO neu im GISY"},"content":{"rendered":"<p align=\"left\">Es haben sich in diesem Blog, aber auch in der Schule einige Sch\u00fcler gemeldet, die an mich die Frage stellten, warum denn nun auch die Sch\u00fcler in das Informationssystem der Kantonsschule Solothurn aufgenommen worden sind. Dies war \u00fcbrigens ein Entscheid der Schulleitung, die Lehrerschaft ist dazu nicht befragt worden.<\/p>\n<p align=\"left\"><a href=\"http:\/\/gisy.ksso.ch\" target=\"_blank\"><img loading=\"lazy\" decoding=\"async\" style=\"border-width: 0px;\" alt=\"gisyimpr\" src=\"http:\/\/blog.kurtjakob.ch\/uploads\/SchlerderKSSOneuimGISY_F340\/gisyimpr_thumb.png\" width=\"305\" height=\"153\" border=\"0\" \/><\/a><\/p>\n<p align=\"left\">Seit Sommer 2006 ist das Gesamtinformationssystem (GISY) f\u00fcr alle Lehrpersonen und die gesamte Schulverwaltung der Kanti Solothurn in Betrieb. Es handelt sich um ein Informationssystems, auf dem jede registrierte Person Meldungen und Dateien an einzelne Personen oder ganze Gruppen senden kann, die Nachrichten k\u00f6nnen anschliessend nur noch vom Absender gel\u00f6scht werden, sie bleiben bis auf weiteres archiviert. Die Nachrichten k\u00f6nnen grunds\u00e4tzlich von der ganzen Informationsgruppe gelesen werden, der der Adressat angeh\u00f6rt, sie werden allerdings prim\u00e4r dem Adressaten zugestellt. Wenn ich also an einen Kollegen eine Nachricht sende, dann k\u00f6nnen alle Lehrpersonen dies lesen, ich muss die Meldung immer f\u00fcr ganze Gruppen freigeben. Die Gruppen sind hierarchisch gebildet, die unterste Gruppe kann nur ihre eigenen Meldungen lesen, die n\u00e4chstobere kann jeweils auch die Meldungen der unteren Gruppe lesen. Gruppen bilden der Lehrk\u00f6rper, die Sekretariate, die erweiterte und die engere Schulleitung. Wenn ich mich also ins GISY einlogge, so sehe ich jene Meldungen auf dem Bildschirm, die an mich oder an eine Gruppe &#8211; z.B. meine Fachschaft versandt worden sind. Ich kann aber jederzeit im Gesamtarchiv auch alle andern Nachrichten lesen, die f\u00fcr die Lehrpersonen freigegeben worden sind.<\/p>\n<p align=\"left\">\n<p align=\"left\"><img loading=\"lazy\" decoding=\"async\" style=\"border-width: 0px;\" alt=\"gisy\" src=\"http:\/\/blog.kurtjakob.ch\/uploads\/SchlerderKSSOneuimGISY_F340\/gisy_thumb.png\" width=\"313\" height=\"112\" border=\"0\" \/><\/p>\n<p align=\"left\">Seit dem 12.2.09 sind nun also auch die Sch\u00fclerinnen und Sch\u00fcler in diesem Gesamtinformationssystem. Sie bilden gemeinsam eine neue Informationsgruppe, die unterste. Wenn ich also einer Klasse eine Meldung sende &#8211; mit einem Click, dann ist die Meldung zwar grunds\u00e4tzlich f\u00fcr diese Klasse bestimmt, aber grunds\u00e4tzlich k\u00f6nnen alle andern Sch\u00fcler im Gesamtarchiv diese Meldung auch lesen.<\/p>\n<p align=\"left\">Wo liegen die Vorteile? F\u00fcr uns Lehrer und die Rektorate ist es wesentlich einfacher, Meldungen f\u00fcr ganze Schulklassen oder auch Abteilungen von Sch\u00fclern abzusetzen. Zudem k\u00f6nnen nun neu Formulare wie Anmeldungen f\u00fcr Freikurse oder f\u00fcr das Wahlpflichtfach Religion\/Ethik online gemacht werden. Die Auswertung ist f\u00fcr die Schuladministration nat\u00fcrlich bedeutend einfacher.<\/p>\n<p align=\"left\">Viele Sch\u00fcler scheinen diesem System wenig abgewinnen zu k\u00f6nnen. Alle Informationsbl\u00e4tter sind zwar vorl\u00e4ufig auch noch in den Klassenb\u00fcchern, werden aber in Zukunft eventuell nur noch \u00fcber GISY verteilt werden. Die Sch\u00fcler k\u00f6nnen diese Informationen also vorl\u00e4ufig online abrufen, m\u00fcssen aber nicht, es erwartet also niemand von der Schulleitung, dass die Sch\u00fcler ihre Informationen nur noch online erhalten. Die Sch\u00fcler k\u00f6nnen aber nat\u00fcrlich alle Adressen der Mitsch\u00fcler finden mit deren Emailadressen, dies scheint Angst zu machen. F\u00fcr viele ist vielleicht auch be\u00e4ngstigend, dass mittelfristig das ganze Absenzenwesen online abgewickelt werden wird.<\/p>\n<p align=\"left\">Klar ist, dass die Administration der Schule vereinfacht wird, klar ist aber auch, dass die Sch\u00fcler an Anonymit\u00e4t verlieren. Zudem ist das Informationssystem nicht besonders sicher. Es gab schon in der Vergangenheit Personen, die sich mit Lehrerlogins und Passw\u00f6rtern eingeloggt haben und so an Lehrerinformationen gelangt sind.<\/p>\n","protected":false},"excerpt":{"rendered":"<p>Es haben sich in diesem Blog, aber auch in der Schule einige Sch\u00fcler gemeldet, die an mich die Frage stellten, warum denn nun auch die Sch\u00fcler in das Informationssystem der Kantonsschule Solothurn aufgenommen worden sind. Dies war \u00fcbrigens ein Entscheid der Schulleitung, die Lehrerschaft ist dazu nicht befragt worden. Seit Sommer 2006 ist das Gesamtinformationssystem [&hellip;]<\/p>\n","protected":false},"author":4,"featured_media":0,"comment_status":"open","ping_status":"open","sticky":false,"template":"","format":"standard","meta":{"footnotes":""},"categories":[1],"tags":[56],"class_list":["post-224","post","type-post","status-publish","format-standard","hentry","category-uncategorized","tag-kanti-solothurn"],"_links":{"self":[{"href":"https:\/\/kurtjakob.ch\/index.php?rest_route=\/wp\/v2\/posts\/224","targetHints":{"allow":["GET"]}}],"collection":[{"href":"https:\/\/kurtjakob.ch\/index.php?rest_route=\/wp\/v2\/posts"}],"about":[{"href":"https:\/\/kurtjakob.ch\/index.php?rest_route=\/wp\/v2\/types\/post"}],"author":[{"embeddable":true,"href":"https:\/\/kurtjakob.ch\/index.php?rest_route=\/wp\/v2\/users\/4"}],"replies":[{"embeddable":true,"href":"https:\/\/kurtjakob.ch\/index.php?rest_route=%2Fwp%2Fv2%2Fcomments&post=224"}],"version-history":[{"count":0,"href":"https:\/\/kurtjakob.ch\/index.php?rest_route=\/wp\/v2\/posts\/224\/revisions"}],"wp:attachment":[{"href":"https:\/\/kurtjakob.ch\/index.php?rest_route=%2Fwp%2Fv2%2Fmedia&parent=224"}],"wp:term":[{"taxonomy":"category","embeddable":true,"href":"https:\/\/kurtjakob.ch\/index.php?rest_route=%2Fwp%2Fv2%2Fcategories&post=224"},{"taxonomy":"post_tag","embeddable":true,"href":"https:\/\/kurtjakob.ch\/index.php?rest_route=%2Fwp%2Fv2%2Ftags&post=224"}],"curies":[{"name":"wp","href":"https:\/\/api.w.org\/{rel}","templated":true}]}}