{"id":2233,"date":"2018-11-06T11:00:00","date_gmt":"2018-11-06T11:00:00","guid":{"rendered":"http:\/\/kurtjakob.ch\/?p=2233"},"modified":"2020-01-17T18:34:51","modified_gmt":"2020-01-17T18:34:51","slug":"alte-handschriften-in-der-zentralbibliothek-solothurn","status":"publish","type":"post","link":"https:\/\/kurtjakob.ch\/?p=2233","title":{"rendered":"Alte Handschriften in der Zentralbibliothek Solothurn"},"content":{"rendered":"<p><a href=\"https:\/\/kurtjakob.ch\/wp-content\/uploads\/2018\/11\/image-4.png\"><img loading=\"lazy\" decoding=\"async\" style=\"display: inline; background-image: none;\" title=\"image\" src=\"https:\/\/kurtjakob.ch\/wp-content\/uploads\/2018\/11\/image_thumb-4.png\" alt=\"image\" width=\"266\" height=\"151\" border=\"0\"><\/a><\/p>\n<p>Via <a href=\"https:\/\/twitter.com\/srfaarau\/status\/1049273738246705153?s=09\" target=\"_blank\" rel=\"noopener noreferrer\">Twitter<\/a> bin ich auf einen Beitrag von <a href=\"https:\/\/www.srf.ch\/news\/regional\/aargau-solothurn\/bibliothek-geht-online-weltweites-interesse-an-solothurner-handschriften-und-drucken\" target=\"_blank\" rel=\"noopener noreferrer\">Radio SRF<\/a> aufmerksam geworden.<\/p>\n<p>In den Best\u00e4nden der Zentralbibliothek Solothurn lagern alte Handschriften und Drucke, auf die man aus dem Internet zugreifen kann.<\/p>\n<p>Der Zugriff ist \u00fcber <a href=\"http:\/\/www.e-codices.ch\/de\/search\/?iCurrentPage=1&amp;sQueryString=&amp;sSearchField=fullText&amp;iResultsPerPage=100&amp;iCurrentPage=1&amp;sSortField=score&amp;aSelectedFacets%5Bcollection_facet%5D%5B%5D=Solothurn%2C+Zentralbibliothek\" target=\"_blank\" rel=\"noopener noreferrer\">e-codices.ch<\/a> m\u00f6glich oder \u00fcber <a href=\"https:\/\/www.e-rara.ch\/solothurn\/nav\/classification\/14984518\" target=\"_blank\" rel=\"noopener noreferrer\">e-rara.ch<\/a>.<\/p>\n<p><a href=\"https:\/\/www.srf.ch\/play\/radio\/_\/audio\/_?id=0eb063cb-fc4b-4d53-b8f9-32e764140e98&amp;urn=urn:srf:audio:0eb063cb-fc4b-4d53-b8f9-32e764140e98\" target=\"_blank\" rel=\"noopener noreferrer\">Hier<\/a> kann man den Originalbeitrag des Regionaljournals Aargau Solothurn vom 8.10.18 nachh\u00f6ren.<\/p>\n","protected":false},"excerpt":{"rendered":"<p>Via Twitter bin ich auf einen Beitrag von Radio SRF aufmerksam geworden. In den Best\u00e4nden der Zentralbibliothek Solothurn lagern alte Handschriften und Drucke, auf die man aus dem Internet zugreifen kann. Der Zugriff ist \u00fcber e-codices.ch m\u00f6glich oder \u00fcber e-rara.ch. Hier kann man den Originalbeitrag des Regionaljournals Aargau Solothurn vom 8.10.18 nachh\u00f6ren.<\/p>\n","protected":false},"author":4,"featured_media":0,"comment_status":"open","ping_status":"open","sticky":false,"template":"","format":"standard","meta":{"footnotes":""},"categories":[182],"tags":[7,174,62],"class_list":["post-2233","post","type-post","status-publish","format-standard","hentry","category-bibliothek","tag-bibliotheken","tag-faksimile","tag-solothurn-und-umgebung"],"_links":{"self":[{"href":"https:\/\/kurtjakob.ch\/index.php?rest_route=\/wp\/v2\/posts\/2233","targetHints":{"allow":["GET"]}}],"collection":[{"href":"https:\/\/kurtjakob.ch\/index.php?rest_route=\/wp\/v2\/posts"}],"about":[{"href":"https:\/\/kurtjakob.ch\/index.php?rest_route=\/wp\/v2\/types\/post"}],"author":[{"embeddable":true,"href":"https:\/\/kurtjakob.ch\/index.php?rest_route=\/wp\/v2\/users\/4"}],"replies":[{"embeddable":true,"href":"https:\/\/kurtjakob.ch\/index.php?rest_route=%2Fwp%2Fv2%2Fcomments&post=2233"}],"version-history":[{"count":3,"href":"https:\/\/kurtjakob.ch\/index.php?rest_route=\/wp\/v2\/posts\/2233\/revisions"}],"predecessor-version":[{"id":2310,"href":"https:\/\/kurtjakob.ch\/index.php?rest_route=\/wp\/v2\/posts\/2233\/revisions\/2310"}],"wp:attachment":[{"href":"https:\/\/kurtjakob.ch\/index.php?rest_route=%2Fwp%2Fv2%2Fmedia&parent=2233"}],"wp:term":[{"taxonomy":"category","embeddable":true,"href":"https:\/\/kurtjakob.ch\/index.php?rest_route=%2Fwp%2Fv2%2Fcategories&post=2233"},{"taxonomy":"post_tag","embeddable":true,"href":"https:\/\/kurtjakob.ch\/index.php?rest_route=%2Fwp%2Fv2%2Ftags&post=2233"}],"curies":[{"name":"wp","href":"https:\/\/api.w.org\/{rel}","templated":true}]}}