{"id":2194,"date":"2022-10-17T18:24:09","date_gmt":"2022-10-17T18:24:09","guid":{"rendered":"http:\/\/blog.kurtjakob.ch\/?p=2194"},"modified":"2022-11-29T12:38:08","modified_gmt":"2022-11-29T12:38:08","slug":"susanne-fritz-wie-kommt-der-krieg-ins-kind","status":"publish","type":"post","link":"https:\/\/kurtjakob.ch\/?p=2194","title":{"rendered":"Susanne Fritz &#8211; Wie kommt der Krieg ins Kind"},"content":{"rendered":"<p>Ein sehr pers\u00f6nliches Buch \u00fcber das Schicksal der Mutter und der eigenen Familie. Spurensuche, deutsch-polnische Geschichtsschreibung und Erz\u00e4hlung in einem.<br \/>\nVierzehn Jahre alt ist die Mutter, als sie 1945 verhaftet und f\u00fcr Jahre ins polnische Arbeitslager Potulice gebracht wird. Der Grund: Sie hatte mit neun ein Formular unterschrieben, das sie in einem von Hitler \u00fcberfallenen Gebiet als Deutsche auswies.<br \/>\nSusanne Fritz erz\u00e4hlt ergreifend und ohne jede vorschnelle Schuldzuweisung von dem Schicksal ihrer Mutter und der ganzen Familie \u00fcber mehrere Generationen. Sie fragt nach Menschlichkeit und Verrat, nach Identit\u00e4t und Sprache und zieht immer wieder historische Dokumente zu Rate. So leuchtet sie nicht nur die eigene Familiengeschichte aus, sondern das deutsch-polnische Verh\u00e4ltnis \u00fcber zwei Weltkriege hinweg mit all den historischen Umw\u00e4lzungen und ihren Auswirkungen auf jeden Einzelnen.<br \/>\nSusanne Fritz f\u00fchrt ein tief lotendes Gespr\u00e4ch mit der Vergangenheit, sie tut es, weil sie die verborgenen Auswirkungen auf ihr eigenes Dasein verstehen will.<\/p>\n","protected":false},"excerpt":{"rendered":"<p>Ein sehr pers\u00f6nliches Buch \u00fcber das Schicksal der Mutter und der eigenen Familie. Spurensuche, deutsch-polnische Geschichtsschreibung und Erz\u00e4hlung in einem. Vierzehn Jahre alt ist die Mutter, als sie 1945 verhaftet und f\u00fcr Jahre ins polnische Arbeitslager Potulice gebracht wird. Der Grund: Sie hatte mit neun ein Formular unterschrieben, das sie in einem von Hitler \u00fcberfallenen [&hellip;]<\/p>\n","protected":false},"author":4,"featured_media":0,"comment_status":"open","ping_status":"open","sticky":false,"template":"","format":"standard","meta":{"footnotes":""},"categories":[340,165],"tags":[168,6],"class_list":["post-2194","post","type-post","status-publish","format-standard","hentry","category-buchvorstellung","category-buchzeichen","tag-deutscher-buchpreis-2018","tag-literatur"],"_links":{"self":[{"href":"https:\/\/kurtjakob.ch\/index.php?rest_route=\/wp\/v2\/posts\/2194","targetHints":{"allow":["GET"]}}],"collection":[{"href":"https:\/\/kurtjakob.ch\/index.php?rest_route=\/wp\/v2\/posts"}],"about":[{"href":"https:\/\/kurtjakob.ch\/index.php?rest_route=\/wp\/v2\/types\/post"}],"author":[{"embeddable":true,"href":"https:\/\/kurtjakob.ch\/index.php?rest_route=\/wp\/v2\/users\/4"}],"replies":[{"embeddable":true,"href":"https:\/\/kurtjakob.ch\/index.php?rest_route=%2Fwp%2Fv2%2Fcomments&post=2194"}],"version-history":[{"count":5,"href":"https:\/\/kurtjakob.ch\/index.php?rest_route=\/wp\/v2\/posts\/2194\/revisions"}],"predecessor-version":[{"id":4599,"href":"https:\/\/kurtjakob.ch\/index.php?rest_route=\/wp\/v2\/posts\/2194\/revisions\/4599"}],"wp:attachment":[{"href":"https:\/\/kurtjakob.ch\/index.php?rest_route=%2Fwp%2Fv2%2Fmedia&parent=2194"}],"wp:term":[{"taxonomy":"category","embeddable":true,"href":"https:\/\/kurtjakob.ch\/index.php?rest_route=%2Fwp%2Fv2%2Fcategories&post=2194"},{"taxonomy":"post_tag","embeddable":true,"href":"https:\/\/kurtjakob.ch\/index.php?rest_route=%2Fwp%2Fv2%2Ftags&post=2194"}],"curies":[{"name":"wp","href":"https:\/\/api.w.org\/{rel}","templated":true}]}}