{"id":2192,"date":"2022-10-17T18:18:18","date_gmt":"2022-10-17T18:18:18","guid":{"rendered":"http:\/\/blog.kurtjakob.ch\/?p=2192"},"modified":"2022-11-29T12:59:30","modified_gmt":"2022-11-29T12:59:30","slug":"maxim-biller-sechs-koffer","status":"publish","type":"post","link":"https:\/\/kurtjakob.ch\/?p=2192","title":{"rendered":"Maxim Biller &#8211; Sechs Koffer"},"content":{"rendered":"<p>In einem Schulprojekt im Literaturunterricht konnten die Sch\u00fclerinnen und Sch\u00fcler aus der Longlist der f\u00fcr den Deutschen Buchpreis nominierten Titeln ein Buch ausw\u00e4hlen. Eine Gruppe hat sich f\u00fcr Maxim Billers <em>Sechs Koffer<\/em> entschieden.<\/p>\n","protected":false},"excerpt":{"rendered":"<p>In einem Schulprojekt im Literaturunterricht konnten die Sch\u00fclerinnen und Sch\u00fcler aus der Longlist der f\u00fcr den Deutschen Buchpreis nominierten Titeln ein Buch ausw\u00e4hlen. Eine Gruppe hat sich f\u00fcr Maxim Billers Sechs Koffer entschieden.<\/p>\n","protected":false},"author":4,"featured_media":0,"comment_status":"open","ping_status":"open","sticky":false,"template":"","format":"standard","meta":{"footnotes":""},"categories":[340,165],"tags":[168,6],"class_list":["post-2192","post","type-post","status-publish","format-standard","hentry","category-buchvorstellung","category-buchzeichen","tag-deutscher-buchpreis-2018","tag-literatur"],"_links":{"self":[{"href":"https:\/\/kurtjakob.ch\/index.php?rest_route=\/wp\/v2\/posts\/2192","targetHints":{"allow":["GET"]}}],"collection":[{"href":"https:\/\/kurtjakob.ch\/index.php?rest_route=\/wp\/v2\/posts"}],"about":[{"href":"https:\/\/kurtjakob.ch\/index.php?rest_route=\/wp\/v2\/types\/post"}],"author":[{"embeddable":true,"href":"https:\/\/kurtjakob.ch\/index.php?rest_route=\/wp\/v2\/users\/4"}],"replies":[{"embeddable":true,"href":"https:\/\/kurtjakob.ch\/index.php?rest_route=%2Fwp%2Fv2%2Fcomments&post=2192"}],"version-history":[{"count":2,"href":"https:\/\/kurtjakob.ch\/index.php?rest_route=\/wp\/v2\/posts\/2192\/revisions"}],"predecessor-version":[{"id":3986,"href":"https:\/\/kurtjakob.ch\/index.php?rest_route=\/wp\/v2\/posts\/2192\/revisions\/3986"}],"wp:attachment":[{"href":"https:\/\/kurtjakob.ch\/index.php?rest_route=%2Fwp%2Fv2%2Fmedia&parent=2192"}],"wp:term":[{"taxonomy":"category","embeddable":true,"href":"https:\/\/kurtjakob.ch\/index.php?rest_route=%2Fwp%2Fv2%2Fcategories&post=2192"},{"taxonomy":"post_tag","embeddable":true,"href":"https:\/\/kurtjakob.ch\/index.php?rest_route=%2Fwp%2Fv2%2Ftags&post=2192"}],"curies":[{"name":"wp","href":"https:\/\/api.w.org\/{rel}","templated":true}]}}