{"id":213,"date":"2008-06-30T18:06:46","date_gmt":"2008-06-30T18:06:46","guid":{"rendered":"http:\/\/wp.kurtjakob.ch\/?p=213"},"modified":"2008-06-30T18:06:46","modified_gmt":"2008-06-30T18:06:46","slug":"ict-cards","status":"publish","type":"post","link":"https:\/\/kurtjakob.ch\/?p=213","title":{"rendered":"ICT-Cards"},"content":{"rendered":"<p align=\"left\"><a href=\"http:\/\/campus.ph.fhnw.ch\/Entwicklungskonzept\/IctCard\" target=\"_blank\"><img loading=\"lazy\" decoding=\"async\" width=\"230\" height=\"294\" border=\"0\" style=\"border: 0px none ;\" alt=\"ICT-Card\" src=\"http:\/\/blog.kurtjakob.ch\/uploads\/ICTCards_11AC7\/ICTCard.png\" \/><\/a><\/p>\n<p align=\"left\">Bekanntlich ist seit Anfang dieses Jahres das <strong><a href=\"http:\/\/campus.ph.fhnw.ch\/pub\/Entwicklungskonzept\/WebHome\/ict_dbk_avk_fhnw_2008.pdf\" target=\"_blank\">Stufen\u00fcbergreifende ICT-Entwicklungskonzept f\u00fcr die Schulen des Kantons Solothurn<\/a><\/strong> f\u00fcr die Schulen des Kantons Solothurn <a href=\"http:\/\/campus.ph.fhnw.ch\/Entwicklungskonzept\/WebHome\" target=\"_blank\">in Kraft<\/a>. An der letzten Strategietagung der Projektgruppe ICT der Kanti Solothurn haben wir uns mit der Umsetzung dieses Konzeptes auf der Mittelschulstufe besch\u00e4ftigt. <a href=\"http:\/\/sibylleklay.blogspot.com\/2008\/06\/ict-cards-zu-den-ict-regelstandards.html\" target=\"_blank\">Sibylle Klay<\/a> hat in ihrem Blog <a href=\"http:\/\/campus.ph.fhnw.ch\/Entwicklungskonzept\/IctCard\" target=\"_blank\">ICT-Cards<\/a> vorgestellt. Dabei handelt es sich um Ausz\u00fcge aus dem Konzept, die wie Laufkarten aufgebaut sind.<\/p>\n<p align=\"left\" \/>\n","protected":false},"excerpt":{"rendered":"<p>Bekanntlich ist seit Anfang dieses Jahres das Stufen\u00fcbergreifende ICT-Entwicklungskonzept f\u00fcr die Schulen des Kantons Solothurn f\u00fcr die Schulen des Kantons Solothurn in Kraft. An der letzten Strategietagung der Projektgruppe ICT der Kanti Solothurn haben wir uns mit der Umsetzung dieses Konzeptes auf der Mittelschulstufe besch\u00e4ftigt. Sibylle Klay hat in ihrem Blog ICT-Cards vorgestellt. Dabei handelt [&hellip;]<\/p>\n","protected":false},"author":4,"featured_media":0,"comment_status":"open","ping_status":"open","sticky":false,"template":"","format":"standard","meta":{"footnotes":""},"categories":[1],"tags":[67,90],"class_list":["post-213","post","type-post","status-publish","format-standard","hentry","category-uncategorized","tag-ict-im-unterricht","tag-ict-konzept"],"_links":{"self":[{"href":"https:\/\/kurtjakob.ch\/index.php?rest_route=\/wp\/v2\/posts\/213","targetHints":{"allow":["GET"]}}],"collection":[{"href":"https:\/\/kurtjakob.ch\/index.php?rest_route=\/wp\/v2\/posts"}],"about":[{"href":"https:\/\/kurtjakob.ch\/index.php?rest_route=\/wp\/v2\/types\/post"}],"author":[{"embeddable":true,"href":"https:\/\/kurtjakob.ch\/index.php?rest_route=\/wp\/v2\/users\/4"}],"replies":[{"embeddable":true,"href":"https:\/\/kurtjakob.ch\/index.php?rest_route=%2Fwp%2Fv2%2Fcomments&post=213"}],"version-history":[{"count":0,"href":"https:\/\/kurtjakob.ch\/index.php?rest_route=\/wp\/v2\/posts\/213\/revisions"}],"wp:attachment":[{"href":"https:\/\/kurtjakob.ch\/index.php?rest_route=%2Fwp%2Fv2%2Fmedia&parent=213"}],"wp:term":[{"taxonomy":"category","embeddable":true,"href":"https:\/\/kurtjakob.ch\/index.php?rest_route=%2Fwp%2Fv2%2Fcategories&post=213"},{"taxonomy":"post_tag","embeddable":true,"href":"https:\/\/kurtjakob.ch\/index.php?rest_route=%2Fwp%2Fv2%2Ftags&post=213"}],"curies":[{"name":"wp","href":"https:\/\/api.w.org\/{rel}","templated":true}]}}