{"id":210,"date":"2008-06-25T17:07:54","date_gmt":"2008-06-25T17:07:54","guid":{"rendered":"http:\/\/wp.kurtjakob.ch\/?p=210"},"modified":"2008-06-25T17:07:54","modified_gmt":"2008-06-25T17:07:54","slug":"der-tag-davor","status":"publish","type":"post","link":"https:\/\/kurtjakob.ch\/?p=210","title":{"rendered":"Der Tag davor"},"content":{"rendered":"<p align=\"left\">In den letzten Jahren hatten wir immer wieder Zwischenf\u00e4lle mit Maturanden am &#8222;Tag danach&#8220;, am Tag nach der Maturafeier: <a href=\"http:\/\/blog.kurtjakob.ch\/?p=141\" target=\"_blank\">letztes Jahr<\/a> habe ich dar\u00fcber schon berichtet. In diesem Jahr liegen die Verh\u00e4ltnisse anders, die Maturafeier findet am Freitag statt, nicht wie gewohnt am Donnerstag. Da die Maturanden zum Einstudieren der Feierlichkeiten bereits am Freitagmorgen in der Eishalle Zuchwil erscheinen m\u00fcssen, werden die &#8222;Schulbesuche&#8220; nicht am Freitag, sondern morgen Donnerstag bereits stattfinden, wie ich aus guten Quellen erfahren habe.<\/p>\n<p align=\"left\"><img loading=\"lazy\" decoding=\"async\" style=\"border: 0px none;\" src=\"http:\/\/blog.kurtjakob.ch\/uploads\/DerTagdavor_10CC9\/P1080520k.jpg\" alt=\"@P1080520k\" width=\"281\" height=\"212\" border=\"0\" \/><\/p>\n<p align=\"left\">Drinnen ist noch alles ruhig.<\/p>\n<p align=\"left\"><img loading=\"lazy\" decoding=\"async\" style=\"border: 0px none;\" src=\"http:\/\/blog.kurtjakob.ch\/uploads\/DerTagdavor_10CC9\/P1080523k.jpg\" alt=\"@P1080523k\" width=\"281\" height=\"212\" border=\"0\" \/><\/p>\n<p align=\"left\">Draussen stehen die Zelte der Klasse 4aW, die Klasse hat \u00fcbrigens schon letzte Nacht hier geschlafen.<\/p>\n","protected":false},"excerpt":{"rendered":"<p>In den letzten Jahren hatten wir immer wieder Zwischenf\u00e4lle mit Maturanden am &#8222;Tag danach&#8220;, am Tag nach der Maturafeier: letztes Jahr habe ich dar\u00fcber schon berichtet. In diesem Jahr liegen die Verh\u00e4ltnisse anders, die Maturafeier findet am Freitag statt, nicht wie gewohnt am Donnerstag. Da die Maturanden zum Einstudieren der Feierlichkeiten bereits am Freitagmorgen in [&hellip;]<\/p>\n","protected":false},"author":3,"featured_media":0,"comment_status":"open","ping_status":"open","sticky":false,"template":"","format":"standard","meta":{"footnotes":""},"categories":[1],"tags":[56],"class_list":["post-210","post","type-post","status-publish","format-standard","hentry","category-uncategorized","tag-kanti-solothurn"],"_links":{"self":[{"href":"https:\/\/kurtjakob.ch\/index.php?rest_route=\/wp\/v2\/posts\/210","targetHints":{"allow":["GET"]}}],"collection":[{"href":"https:\/\/kurtjakob.ch\/index.php?rest_route=\/wp\/v2\/posts"}],"about":[{"href":"https:\/\/kurtjakob.ch\/index.php?rest_route=\/wp\/v2\/types\/post"}],"author":[{"embeddable":true,"href":"https:\/\/kurtjakob.ch\/index.php?rest_route=\/wp\/v2\/users\/3"}],"replies":[{"embeddable":true,"href":"https:\/\/kurtjakob.ch\/index.php?rest_route=%2Fwp%2Fv2%2Fcomments&post=210"}],"version-history":[{"count":0,"href":"https:\/\/kurtjakob.ch\/index.php?rest_route=\/wp\/v2\/posts\/210\/revisions"}],"wp:attachment":[{"href":"https:\/\/kurtjakob.ch\/index.php?rest_route=%2Fwp%2Fv2%2Fmedia&parent=210"}],"wp:term":[{"taxonomy":"category","embeddable":true,"href":"https:\/\/kurtjakob.ch\/index.php?rest_route=%2Fwp%2Fv2%2Fcategories&post=210"},{"taxonomy":"post_tag","embeddable":true,"href":"https:\/\/kurtjakob.ch\/index.php?rest_route=%2Fwp%2Fv2%2Ftags&post=210"}],"curies":[{"name":"wp","href":"https:\/\/api.w.org\/{rel}","templated":true}]}}