{"id":207,"date":"2008-06-04T21:18:09","date_gmt":"2008-06-04T21:18:09","guid":{"rendered":"http:\/\/wp.kurtjakob.ch\/?p=207"},"modified":"2021-04-27T09:18:59","modified_gmt":"2021-04-27T09:18:59","slug":"angelus-novus-im-zentrum-paul-klee","status":"publish","type":"post","link":"https:\/\/kurtjakob.ch\/?p=207","title":{"rendered":"Angelus novus im Zentrum Paul Klee"},"content":{"rendered":"<p align=\"left\">Letzte Nacht war ich zu Besuch im <a href=\"http:\/\/www.paulkleezentrum.ch\/ww\/de\/pub\/web_root.cfm\" target=\"_blank\" rel=\"noopener\">ZPK in Bern<\/a>. Mein Interesse war durch die Darbietung von <a href=\"http:\/\/www.literatur.ch\/Programm.241.0.html?&amp;no_cache=1&amp;tx_skcalendar_pi1[offset]=1209852000&amp;tx_skcalendar_pi1[targetgroups]=&amp;tx_skcalendar_pi1[categories]=&amp;tx_skcalendar_pi1[locations]=&amp;tx_skcalendar_pi1[organizers]=&amp;tx_skcalendar_pi1[sword]=&amp;tx_skcalendar_pi1[view]=detail&amp;no_cache=1&amp;tx_skcalendar_pi1[uid]=249\" target=\"_blank\" rel=\"noopener\">Carl Djerassi<\/a> w\u00e4hrend den Solothurner Literaturtagen sehr stark gestiegen. Warum hatte Walter Benjamin das Bild &#8222;Angelus novus&#8220; in Paris zur\u00fcckgelassen? Was hat Klee mit seinem &#8222;Angelus novus&#8220; dargestellt? Mit dieser Frage konfrontierte uns der amerikanische Wissenschaftler und Schriftsteller in Solothurn. Wie sieht das Bild im Original aus, das vor den Nazis versteckt worden ist und das schliesslich den Weg zu Adorno nach New York gefunden hat?<\/p>\n<p align=\"left\"><a href=\"http:\/\/www.paulkleezentrum.ch\/ww\/de\/pub\/web_root\/pro\/wechselausstellungen\/lost_paradise___der_blick_des_\/sonder_ffnung.cfm\" target=\"_blank\" rel=\"noopener\"><img loading=\"lazy\" decoding=\"async\" style=\"border-width: 0px;\" src=\"http:\/\/blog.kurtjakob.ch\/uploads\/AngelusnovusimZentrumPaulKlee_96E3\/IMAG0275k.jpg\" alt=\"IMAG0275k\" width=\"244\" height=\"184\" border=\"0\" \/><\/a><\/p>\n<p align=\"left\">Kurz vor Mitternacht komme ich ins Zentrum Paul Klee. 20 bis 30 Personen sind in den Hallen &#8211; eine famili\u00e4re Atmosph\u00e4re. Man hat gen\u00fcgend Platz, um sich die Bilder in der Ausstellung in aller Ruhe anzuschauen. Auch vor besagtem Bild sind kaum Besucher.<\/p>\n<p><img loading=\"lazy\" decoding=\"async\" style=\"border-width: 0px;\" src=\"http:\/\/blog.kurtjakob.ch\/uploads\/AngelusnovusimZentrumPaulKlee_96E3\/KleeAngelusNovus524k.jpg\" alt=\"Klee - Angelus Novus524 - k\" width=\"243\" height=\"303\" border=\"0\" \/><\/p>\n<p>&nbsp;<\/p>\n<p align=\"left\">(Paul Klee, Angelus novus, 1920, \u00d6lpause und Aquarell auf Papier auf Karton, 31,8 x 24,2 cm &#8211; The Israel Museum, Jerusalem, Schenkung John und Paul Herring, Jo Carole und Ronald Lauder, Fania und Gershom Scholem)<\/p>\n<p>&nbsp;<\/p>\n<p align=\"left\">Wen stellt dieser Engel dar? Mit dieser Frage gehe ich zum Konzert von <a href=\"http:\/\/www.daenubrueggemann.ch\/html\/home.htm\" target=\"_blank\" rel=\"noopener\">D\u00e4nu Br\u00fcggemann<\/a>. Nur wenige Zuh\u00f6rer sind um diese Zeit noch hier.<\/p>\n<p align=\"left\"><img loading=\"lazy\" decoding=\"async\" style=\"border-width: 0px;\" src=\"http:\/\/blog.kurtjakob.ch\/uploads\/AngelusnovusimZentrumPaulKlee_96E3\/IMAG0273k.jpg\" alt=\"IMAG0273k\" width=\"248\" height=\"187\" border=\"0\" \/><\/p>\n<p align=\"left\">Im Hintergrund an der Wand steht:<\/p>\n<blockquote>\n<p align=\"left\">&#8222;Es gibt ein Bild von Paul Klee, das Angelus Novus hei\u00dft. Ein Engel ist darauf dargestellt, der aussieht, als w\u00e4re er im Begriff, sich von etwas zu entfernen, worauf er starrt. Seine Augen sind aufgerissen, sein Mund steht offen und seine Fl\u00fcgel sind ausgespannt. Der Engel der Geschichte muss so aussehen. Er hat das Antlitz der Vergangenheit zugewendet. Wo eine Kette von Begebenheiten vor uns erscheint, da sieht er eine einzige Katastrophe, die unabl\u00e4ssig Tr\u00fcmmer auf Tr\u00fcmmer h\u00e4uft und sie ihm vor die F\u00fc\u00dfe schleudert. Er m\u00f6chte wohl verweilen, die Toten wecken und das Zerschlagene zusammenf\u00fcgen. Aber ein Sturm weht vom Paradiese her, der sich in seinen Fl\u00fcgeln verfangen hat und so stark ist, dass der Engel sie nicht mehr schlie\u00dfen kann. Dieser Sturm treibt ihn unaufhaltsam in die Zukunft, der er den R\u00fccken kehrt, w\u00e4hrend der Tr\u00fcmmerhaufen vor ihm zum Himmel w\u00e4chst. Das, was wir den Fortschritt nennen, ist dieser Sturm.&#8220;<\/p>\n<p align=\"left\">Walter Benjamin<\/p>\n<\/blockquote>\n<p align=\"left\">Ist dies also das Geheimnis des Angelus novus? Oder ist dieser Engel der Verk\u00fcnder des neuen Deutschlands, der 1919 und 1920 als erfolgloser Maler t\u00e4tig war und dann als politischer Agitator ber\u00fchmt wurde? Dies jedenfalls meint <a href=\"http:\/\/www.amazon.de\/Vier-Juden-auf-dem-Parnass\/dp\/3852185556\/ref=sr_1_1?ie=UTF8&amp;s=books&amp;qid=1212613943&amp;sr=8-1\" target=\"_blank\" rel=\"noopener\">Djerassi<\/a>.<\/p>\n","protected":false},"excerpt":{"rendered":"<p>Letzte Nacht war ich zu Besuch im ZPK in Bern. Mein Interesse war durch die Darbietung von Carl Djerassi w\u00e4hrend den Solothurner Literaturtagen sehr stark gestiegen. Warum hatte Walter Benjamin das Bild &#8222;Angelus novus&#8220; in Paris zur\u00fcckgelassen? Was hat Klee mit seinem &#8222;Angelus novus&#8220; dargestellt? Mit dieser Frage konfrontierte uns der amerikanische Wissenschaftler und Schriftsteller [&hellip;]<\/p>\n","protected":false},"author":4,"featured_media":0,"comment_status":"open","ping_status":"open","sticky":false,"template":"","format":"standard","meta":{"footnotes":""},"categories":[211],"tags":[5,8],"class_list":["post-207","post","type-post","status-publish","format-standard","hentry","category-solothurner-literaturtage","tag-philosophisches","tag-solothurner-literaturtage"],"_links":{"self":[{"href":"https:\/\/kurtjakob.ch\/index.php?rest_route=\/wp\/v2\/posts\/207","targetHints":{"allow":["GET"]}}],"collection":[{"href":"https:\/\/kurtjakob.ch\/index.php?rest_route=\/wp\/v2\/posts"}],"about":[{"href":"https:\/\/kurtjakob.ch\/index.php?rest_route=\/wp\/v2\/types\/post"}],"author":[{"embeddable":true,"href":"https:\/\/kurtjakob.ch\/index.php?rest_route=\/wp\/v2\/users\/4"}],"replies":[{"embeddable":true,"href":"https:\/\/kurtjakob.ch\/index.php?rest_route=%2Fwp%2Fv2%2Fcomments&post=207"}],"version-history":[{"count":2,"href":"https:\/\/kurtjakob.ch\/index.php?rest_route=\/wp\/v2\/posts\/207\/revisions"}],"predecessor-version":[{"id":2643,"href":"https:\/\/kurtjakob.ch\/index.php?rest_route=\/wp\/v2\/posts\/207\/revisions\/2643"}],"wp:attachment":[{"href":"https:\/\/kurtjakob.ch\/index.php?rest_route=%2Fwp%2Fv2%2Fmedia&parent=207"}],"wp:term":[{"taxonomy":"category","embeddable":true,"href":"https:\/\/kurtjakob.ch\/index.php?rest_route=%2Fwp%2Fv2%2Fcategories&post=207"},{"taxonomy":"post_tag","embeddable":true,"href":"https:\/\/kurtjakob.ch\/index.php?rest_route=%2Fwp%2Fv2%2Ftags&post=207"}],"curies":[{"name":"wp","href":"https:\/\/api.w.org\/{rel}","templated":true}]}}