{"id":2034,"date":"2021-12-13T21:38:26","date_gmt":"2021-12-13T21:38:26","guid":{"rendered":"http:\/\/blog.kurtjakob.ch\/?p=2034"},"modified":"2022-11-29T13:10:04","modified_gmt":"2022-11-29T13:10:04","slug":"uwe-timm-johannisnacht","status":"publish","type":"post","link":"https:\/\/kurtjakob.ch\/?p=2034","title":{"rendered":"Uwe Timm &#8211; Johannisnacht"},"content":{"rendered":"<p>Eine witzige Geschichte, die in Berlin nach der Wende spielt und die so nebenbei auch einiges aus der Vergangenheit dieser Stadt offenbart. Uwe Timm zeigt hier eine Freude am Fabulieren, die auf Leser ansteckend wirken kann. Ich lese das Buch im Moment mit einer Schulklasse. Die Sch\u00fclerinnen und Sch\u00fcler sind manchmal durch die scheinbar wirre Handlungsf\u00fchrung allerdings etwas irritiert, zugleich aber auch fasziniert. Zunehmend beginnen sie Leitmotive zu erkennen und zu deuten. Oft allerdings bin ich der einzige, der die wirren Sachen lustig findet.<br \/>\nUwe Timm geh\u00f6rt zu meinen Lieblingsautoren. Ich mag diese Fabulierfreude und die manchmal absurd scheinenden Geschichten, die auf einer h\u00f6heren &#8211; oder tieferen &#8211; Ebene pl\u00f6tzlich in neue Sinnzusammenh\u00e4nge gebracht werden k\u00f6nnen. So habe ich mit der Klasse bisher die Kreis- und Ringsymbolik genauer angeschaut und den Zusammenhang zur Odysee-Thematik hergestellt.<\/p>\n","protected":false},"excerpt":{"rendered":"<p>Eine witzige Geschichte, die in Berlin nach der Wende spielt und die so nebenbei auch einiges aus der Vergangenheit dieser Stadt offenbart. Uwe Timm zeigt hier eine Freude am Fabulieren, die auf Leser ansteckend wirken kann. Ich lese das Buch im Moment mit einer Schulklasse. Die Sch\u00fclerinnen und Sch\u00fcler sind manchmal durch die scheinbar wirre [&hellip;]<\/p>\n","protected":false},"author":4,"featured_media":0,"comment_status":"open","ping_status":"open","sticky":false,"template":"","format":"standard","meta":{"footnotes":""},"categories":[340,165],"tags":[79,6],"class_list":["post-2034","post","type-post","status-publish","format-standard","hentry","category-buchvorstellung","category-buchzeichen","tag-buch","tag-literatur"],"_links":{"self":[{"href":"https:\/\/kurtjakob.ch\/index.php?rest_route=\/wp\/v2\/posts\/2034","targetHints":{"allow":["GET"]}}],"collection":[{"href":"https:\/\/kurtjakob.ch\/index.php?rest_route=\/wp\/v2\/posts"}],"about":[{"href":"https:\/\/kurtjakob.ch\/index.php?rest_route=\/wp\/v2\/types\/post"}],"author":[{"embeddable":true,"href":"https:\/\/kurtjakob.ch\/index.php?rest_route=\/wp\/v2\/users\/4"}],"replies":[{"embeddable":true,"href":"https:\/\/kurtjakob.ch\/index.php?rest_route=%2Fwp%2Fv2%2Fcomments&post=2034"}],"version-history":[{"count":43,"href":"https:\/\/kurtjakob.ch\/index.php?rest_route=\/wp\/v2\/posts\/2034\/revisions"}],"predecessor-version":[{"id":4592,"href":"https:\/\/kurtjakob.ch\/index.php?rest_route=\/wp\/v2\/posts\/2034\/revisions\/4592"}],"wp:attachment":[{"href":"https:\/\/kurtjakob.ch\/index.php?rest_route=%2Fwp%2Fv2%2Fmedia&parent=2034"}],"wp:term":[{"taxonomy":"category","embeddable":true,"href":"https:\/\/kurtjakob.ch\/index.php?rest_route=%2Fwp%2Fv2%2Fcategories&post=2034"},{"taxonomy":"post_tag","embeddable":true,"href":"https:\/\/kurtjakob.ch\/index.php?rest_route=%2Fwp%2Fv2%2Ftags&post=2034"}],"curies":[{"name":"wp","href":"https:\/\/api.w.org\/{rel}","templated":true}]}}