{"id":203,"date":"2008-05-26T12:51:38","date_gmt":"2008-05-26T12:51:38","guid":{"rendered":"http:\/\/wp.kurtjakob.ch\/?p=203"},"modified":"2008-05-26T12:51:38","modified_gmt":"2008-05-26T12:51:38","slug":"das-sta%c2%b6rende-ticken-der-uhr","status":"publish","type":"post","link":"https:\/\/kurtjakob.ch\/?p=203","title":{"rendered":"Das st\u00f6rende Ticken der Uhr"},"content":{"rendered":"<p align=\"left\">Neulich vor einer Probe hat mich eine Sch\u00fclerin gefragt, ob ich nicht die Uhr im Schulzimmer entfernen k\u00f6nne, das Ticken st\u00f6re sie. Ich war etwas erstaunt, da sonst gerade die Sch\u00fcler dieser Klasse praktisch immer die weissen Kopfh\u00f6rer im Ohr tragen.<\/p>\n<p align=\"left\"><img loading=\"lazy\" decoding=\"async\" width=\"188\" height=\"146\" border=\"0\" style=\"border: 0px none ;\" alt=\"P1080321\" src=\"http:\/\/blog.kurtjakob.ch\/uploads\/DasstrendeTickenderUhr_C89D\/P1080321.jpg\" \/>  <img loading=\"lazy\" decoding=\"async\" width=\"118\" height=\"133\" src=\"http:\/\/www.apple-history.com\/images\/models\/ipod_3g.jpg\" \/> <\/p>\n<p align=\"left\">Heute nun hat dieselbe Klasse einen Aufsatz geschrieben. Einige Sch\u00fcler haben mich gefragt, ob sie nicht Musik h\u00f6ren k\u00f6nnten zu dieser Arbeit.<\/p>\n","protected":false},"excerpt":{"rendered":"<p>Neulich vor einer Probe hat mich eine Sch\u00fclerin gefragt, ob ich nicht die Uhr im Schulzimmer entfernen k\u00f6nne, das Ticken st\u00f6re sie. Ich war etwas erstaunt, da sonst gerade die Sch\u00fcler dieser Klasse praktisch immer die weissen Kopfh\u00f6rer im Ohr tragen. Heute nun hat dieselbe Klasse einen Aufsatz geschrieben. Einige Sch\u00fcler haben mich gefragt, ob [&hellip;]<\/p>\n","protected":false},"author":3,"featured_media":0,"comment_status":"open","ping_status":"open","sticky":false,"template":"","format":"standard","meta":{"footnotes":""},"categories":[1],"tags":[4],"class_list":["post-203","post","type-post","status-publish","format-standard","hentry","category-uncategorized","tag-schulischer-alltag"],"_links":{"self":[{"href":"https:\/\/kurtjakob.ch\/index.php?rest_route=\/wp\/v2\/posts\/203","targetHints":{"allow":["GET"]}}],"collection":[{"href":"https:\/\/kurtjakob.ch\/index.php?rest_route=\/wp\/v2\/posts"}],"about":[{"href":"https:\/\/kurtjakob.ch\/index.php?rest_route=\/wp\/v2\/types\/post"}],"author":[{"embeddable":true,"href":"https:\/\/kurtjakob.ch\/index.php?rest_route=\/wp\/v2\/users\/3"}],"replies":[{"embeddable":true,"href":"https:\/\/kurtjakob.ch\/index.php?rest_route=%2Fwp%2Fv2%2Fcomments&post=203"}],"version-history":[{"count":0,"href":"https:\/\/kurtjakob.ch\/index.php?rest_route=\/wp\/v2\/posts\/203\/revisions"}],"wp:attachment":[{"href":"https:\/\/kurtjakob.ch\/index.php?rest_route=%2Fwp%2Fv2%2Fmedia&parent=203"}],"wp:term":[{"taxonomy":"category","embeddable":true,"href":"https:\/\/kurtjakob.ch\/index.php?rest_route=%2Fwp%2Fv2%2Fcategories&post=203"},{"taxonomy":"post_tag","embeddable":true,"href":"https:\/\/kurtjakob.ch\/index.php?rest_route=%2Fwp%2Fv2%2Ftags&post=203"}],"curies":[{"name":"wp","href":"https:\/\/api.w.org\/{rel}","templated":true}]}}