{"id":198,"date":"2008-04-09T21:32:49","date_gmt":"2008-04-09T21:32:49","guid":{"rendered":"http:\/\/wp.kurtjakob.ch\/?p=198"},"modified":"2008-04-09T21:32:49","modified_gmt":"2008-04-09T21:32:49","slug":"online-korrekturen","status":"publish","type":"post","link":"https:\/\/kurtjakob.ch\/?p=198","title":{"rendered":"online-Korrekturen"},"content":{"rendered":"<p align=\"left\">Seit Anfang dieser Woche haben wir Ferien an unserer Schule. Ich bin gute 700 Km weg, in der Toscana, und korrigiere im Moment Sch\u00fclerarbeiten. In der letzten Schulwoche mussten die Sch\u00fcler einer Klasse eine Figur aus der Novelle &#8222;Die Judenbuche&#8220; von Annette von Droste-H\u00fclshoff beschreiben und charakterisieren. Wir hatten die Aufgabe noch w\u00e4hrend dem Unterricht vorbereitet, einige Sch\u00fcler hatten sie bereits abgeschlossen. Schliesslich mussten sie die Arbeit noch eintippen und dann im <a href=\"http:\/\/www.digischool.ch\" target=\"_blank\">moodle<\/a> hochladen.<\/p>\n<p>Die Arbeiten liegen mir nun als Word-Dateien vor. Ich konvertiere sie in OneNote und korrigiere sie dort anschliessend.<\/p>\n<p align=\"left\"><img loading=\"lazy\" decoding=\"async\" style=\"border: 0px none;\" src=\"http:\/\/blog.kurtjakob.ch\/uploads\/onlineKorrekturen_14AFC\/Judenbuche01.png\" alt=\"Judenbuche01\" width=\"244\" height=\"192\" border=\"0\" \/><\/p>\n<p align=\"left\">Damit die Sch\u00fcler meine Korrekturen lesen k\u00f6nnen, konvertiere ich die Datei in eine <a href=\"http:\/\/de.wikipedia.org\/wiki\/Mht\" target=\"_blank\">mht-Datei<\/a>.<\/p>\n<p align=\"left\"><img loading=\"lazy\" decoding=\"async\" style=\"border: 0px none;\" src=\"http:\/\/blog.kurtjakob.ch\/uploads\/onlineKorrekturen_14AFC\/Judenbuche02.png\" alt=\"Judenbuche02\" width=\"244\" height=\"63\" border=\"0\" \/><\/p>\n<p align=\"left\">Schliesslich lade ich die korrigierte Version hoch und bewerte die Arbeit. Der Sch\u00fcler kann die Korrekturen einsehen und ev. einen Kommentar dazu abgeben.<\/p>\n<p align=\"left\"><img loading=\"lazy\" decoding=\"async\" style=\"border: 0px none;\" src=\"http:\/\/blog.kurtjakob.ch\/uploads\/onlineKorrekturen_14AFC\/Judenbuche03.png\" alt=\"Judenbuche03\" width=\"244\" height=\"48\" border=\"0\" \/><\/p>\n<p><\/p>\n","protected":false},"excerpt":{"rendered":"<p>Seit Anfang dieser Woche haben wir Ferien an unserer Schule. Ich bin gute 700 Km weg, in der Toscana, und korrigiere im Moment Sch\u00fclerarbeiten. In der letzten Schulwoche mussten die Sch\u00fcler einer Klasse eine Figur aus der Novelle &#8222;Die Judenbuche&#8220; von Annette von Droste-H\u00fclshoff beschreiben und charakterisieren. Wir hatten die Aufgabe noch w\u00e4hrend dem Unterricht [&hellip;]<\/p>\n","protected":false},"author":4,"featured_media":0,"comment_status":"open","ping_status":"open","sticky":false,"template":"","format":"standard","meta":{"footnotes":""},"categories":[1],"tags":[67],"class_list":["post-198","post","type-post","status-publish","format-standard","hentry","category-uncategorized","tag-ict-im-unterricht"],"_links":{"self":[{"href":"https:\/\/kurtjakob.ch\/index.php?rest_route=\/wp\/v2\/posts\/198","targetHints":{"allow":["GET"]}}],"collection":[{"href":"https:\/\/kurtjakob.ch\/index.php?rest_route=\/wp\/v2\/posts"}],"about":[{"href":"https:\/\/kurtjakob.ch\/index.php?rest_route=\/wp\/v2\/types\/post"}],"author":[{"embeddable":true,"href":"https:\/\/kurtjakob.ch\/index.php?rest_route=\/wp\/v2\/users\/4"}],"replies":[{"embeddable":true,"href":"https:\/\/kurtjakob.ch\/index.php?rest_route=%2Fwp%2Fv2%2Fcomments&post=198"}],"version-history":[{"count":1,"href":"https:\/\/kurtjakob.ch\/index.php?rest_route=\/wp\/v2\/posts\/198\/revisions"}],"predecessor-version":[{"id":2732,"href":"https:\/\/kurtjakob.ch\/index.php?rest_route=\/wp\/v2\/posts\/198\/revisions\/2732"}],"wp:attachment":[{"href":"https:\/\/kurtjakob.ch\/index.php?rest_route=%2Fwp%2Fv2%2Fmedia&parent=198"}],"wp:term":[{"taxonomy":"category","embeddable":true,"href":"https:\/\/kurtjakob.ch\/index.php?rest_route=%2Fwp%2Fv2%2Fcategories&post=198"},{"taxonomy":"post_tag","embeddable":true,"href":"https:\/\/kurtjakob.ch\/index.php?rest_route=%2Fwp%2Fv2%2Ftags&post=198"}],"curies":[{"name":"wp","href":"https:\/\/api.w.org\/{rel}","templated":true}]}}