{"id":197,"date":"2008-03-16T19:35:11","date_gmt":"2008-03-16T19:35:11","guid":{"rendered":"http:\/\/wp.kurtjakob.ch\/?p=197"},"modified":"2008-03-16T19:35:11","modified_gmt":"2008-03-16T19:35:11","slug":"laptopaktion-an-der-kanti-solothurn","status":"publish","type":"post","link":"https:\/\/kurtjakob.ch\/?p=197","title":{"rendered":"Laptopaktion an der Kanti Solothurn"},"content":{"rendered":"<p align=\"left\">\n<p align=\"left\"><img loading=\"lazy\" decoding=\"async\" width=\"244\" height=\"115\" border=\"0\" style=\"border: 0px none ;\" alt=\"@P1070812k\" src=\"http:\/\/blog.kurtjakob.ch\/uploads\/LaptopaktionanderKantiSolothurnderCountd_F016\/P1070812k.jpg\" \/> <\/p>\n<p align=\"left\">Fast alle Ger\u00e4te sind angekommen, im Moment laufen die Installationen auf den Ger\u00e4ten auf Hochtouren. Seit mehr als einer Woche experimentiere ich mit dem neuen Tablet 2710p von HP-Compaq. Ich habe die Umstellung etwas untersch\u00e4tzt, nicht die Umstellung auf Vista und Office 2007, sondern die Neuinstallation der Programme und die Migration der Daten. Erstaunlich, wie viele Programme man innerhalb von zwei Jahren auf einem Ger\u00e4t installieren kann.<\/p>\n<p align=\"left\">Ich bin gespannt, wie der Einf\u00fchrungskurs am n\u00e4chsten Donnerstag verlaufen wird. In einem ersten Teil werden wir die neuen Ger\u00e4te aush\u00e4ndigen und die Kollegen erste Erfahrungen mit Vista, Office 2007 und den ganz normalen Anmeldeprozeduren in die Dom\u00e4ne unserer Schule machen lassen. W\u00e4hrend diesem ersten Teil k\u00f6nnen sich die Teilnehmer dann f\u00fcr einen speziellen Kurs f\u00fcr den zweiten Teil des Morgens anmelden, nat\u00fcrlich online. Am Nachmittag werden dann die Fachschaften Projekte entwerfen, die einen ICT-Bezug haben sollten.<\/p>\n<p><\/p>\n","protected":false},"excerpt":{"rendered":"<p>Fast alle Ger\u00e4te sind angekommen, im Moment laufen die Installationen auf den Ger\u00e4ten auf Hochtouren. Seit mehr als einer Woche experimentiere ich mit dem neuen Tablet 2710p von HP-Compaq. Ich habe die Umstellung etwas untersch\u00e4tzt, nicht die Umstellung auf Vista und Office 2007, sondern die Neuinstallation der Programme und die Migration der Daten. Erstaunlich, wie [&hellip;]<\/p>\n","protected":false},"author":4,"featured_media":0,"comment_status":"open","ping_status":"open","sticky":false,"template":"","format":"standard","meta":{"footnotes":""},"categories":[1],"tags":[56],"class_list":["post-197","post","type-post","status-publish","format-standard","hentry","category-uncategorized","tag-kanti-solothurn"],"_links":{"self":[{"href":"https:\/\/kurtjakob.ch\/index.php?rest_route=\/wp\/v2\/posts\/197","targetHints":{"allow":["GET"]}}],"collection":[{"href":"https:\/\/kurtjakob.ch\/index.php?rest_route=\/wp\/v2\/posts"}],"about":[{"href":"https:\/\/kurtjakob.ch\/index.php?rest_route=\/wp\/v2\/types\/post"}],"author":[{"embeddable":true,"href":"https:\/\/kurtjakob.ch\/index.php?rest_route=\/wp\/v2\/users\/4"}],"replies":[{"embeddable":true,"href":"https:\/\/kurtjakob.ch\/index.php?rest_route=%2Fwp%2Fv2%2Fcomments&post=197"}],"version-history":[{"count":0,"href":"https:\/\/kurtjakob.ch\/index.php?rest_route=\/wp\/v2\/posts\/197\/revisions"}],"wp:attachment":[{"href":"https:\/\/kurtjakob.ch\/index.php?rest_route=%2Fwp%2Fv2%2Fmedia&parent=197"}],"wp:term":[{"taxonomy":"category","embeddable":true,"href":"https:\/\/kurtjakob.ch\/index.php?rest_route=%2Fwp%2Fv2%2Fcategories&post=197"},{"taxonomy":"post_tag","embeddable":true,"href":"https:\/\/kurtjakob.ch\/index.php?rest_route=%2Fwp%2Fv2%2Ftags&post=197"}],"curies":[{"name":"wp","href":"https:\/\/api.w.org\/{rel}","templated":true}]}}