{"id":1887,"date":"2016-05-23T11:07:17","date_gmt":"2016-05-23T09:07:17","guid":{"rendered":"http:\/\/blog.kurtjakob.ch\/?p=1887"},"modified":"2021-05-01T21:07:55","modified_gmt":"2021-05-01T21:07:55","slug":"der-letzte-schultag","status":"publish","type":"post","link":"https:\/\/kurtjakob.ch\/?p=1887","title":{"rendered":"Der letzte Schultag"},"content":{"rendered":"<div class=\"PublishedByWebStory-[6]1_7F8B16DD67F54775B7C8BDF89D2EB775_2FACC1A8EC5E4B14B89E1CA98F9175AC\">\n<p><img loading=\"lazy\" decoding=\"async\" src=\"http:\/\/blog.kurtjakob.ch\/wp-content\/uploads\/2016\/05\/07D0DA7506F73DDF0A0DF0F7EBDD7C757B9000A5.png\" width=\"375\" height=\"73\" border=\"1\" \/><\/p>\n<p>Der letzte Schultag ist sicher etwas Besonderes. Damit dieses Besondere auch in Erinnerung bleibt, l\u00e4sst man sich offenbar einiges einfallen. Ob allerdings eine Fahrt mit dem <a href=\"http:\/\/www.20min.ch\/schweiz\/zentralschweiz\/story\/13492417\">Roller durch die Mensa<\/a> wirklich etwas so Originelles ist, ist eher fragw\u00fcrdig. Offenbar aber ist die Tamedia-Presse da anderer Meinung und widmet dem Urheber dieses Streiches einen ganzen Artikel. Wie w\u00e4re es, wenn man denjenigen, die die besten Notendurchschnitte haben, einen Artikel widmen w\u00fcrde? Diese Leistungen sind auf jeden Fall bemerkenswerter als eine banale Fahrt mit dem Roller durch ein Schulhaus.<\/p>\n<p>An der Kantonsschule in Solothurn ist dieser letzte Tag f\u00fcr die Sch\u00fclerinnen und Sch\u00fcler offenbar nichts Besonderes. In einer von der Schule organisierten kleinen Schlussfeier werden sie verabschiedet, die Verabschiedeten aber wollen nicht durch &#8222;originelle&#8220; Aktionen auf sich aufmerksam machen. Da ist der &#8222;<a href=\"http:\/\/blog.kurtjakob.ch\/?p=141\">Tag danach<\/a>&#8220; wesentlich beliebter, der Tag nach Bekanntgabe der Pr\u00fcfungsresultate. In diesem Jahr verbietet man den Sch\u00fclern den Zutritt in die Schule, wie die Solothurner Zeitung\u00a0<a href=\"http:\/\/www.solothurnerzeitung.ch\/solothurn\/kanton-solothurn\/streich-verbot-fuer-maturanden-jegliche-aktionen-muessen-genehmigt-werden-130177873\">hier<\/a> und <a href=\"http:\/\/www.solothurnerzeitung.ch\/solothurn\/kanton-solothurn\/im-vergleich-sind-die-matura-streiche-an-der-kanti-noch-harmlos-130179216\">hier<\/a>\u00a0gemeldet hat.<\/p>\n<div class=\"PoweredByWebStory\" style=\"margin-top: 15px; margin-bottom: 10px;\">\u00a0Published by <a href=\"http:\/\/webstory.my\/cs_invite.php?u=9696\" target=\"_blank\" rel=\"noopener\">WebStory<\/a><\/div>\n<\/div>\n","protected":false},"excerpt":{"rendered":"<p>Der letzte Schultag ist sicher etwas Besonderes. Damit dieses Besondere auch in Erinnerung bleibt, l\u00e4sst man sich offenbar einiges einfallen. Ob allerdings eine Fahrt mit dem Roller durch die Mensa wirklich etwas so Originelles ist, ist eher fragw\u00fcrdig. Offenbar aber ist die Tamedia-Presse da anderer Meinung und widmet dem Urheber dieses Streiches einen ganzen Artikel. [&hellip;]<\/p>\n","protected":false},"author":4,"featured_media":0,"comment_status":"open","ping_status":"open","sticky":false,"template":"","format":"standard","meta":{"footnotes":""},"categories":[212],"tags":[56,131,33,4],"class_list":["post-1887","post","type-post","status-publish","format-standard","hentry","category-schule","tag-kanti-solothurn","tag-matura","tag-12-medien","tag-schulischer-alltag"],"_links":{"self":[{"href":"https:\/\/kurtjakob.ch\/index.php?rest_route=\/wp\/v2\/posts\/1887","targetHints":{"allow":["GET"]}}],"collection":[{"href":"https:\/\/kurtjakob.ch\/index.php?rest_route=\/wp\/v2\/posts"}],"about":[{"href":"https:\/\/kurtjakob.ch\/index.php?rest_route=\/wp\/v2\/types\/post"}],"author":[{"embeddable":true,"href":"https:\/\/kurtjakob.ch\/index.php?rest_route=\/wp\/v2\/users\/4"}],"replies":[{"embeddable":true,"href":"https:\/\/kurtjakob.ch\/index.php?rest_route=%2Fwp%2Fv2%2Fcomments&post=1887"}],"version-history":[{"count":2,"href":"https:\/\/kurtjakob.ch\/index.php?rest_route=\/wp\/v2\/posts\/1887\/revisions"}],"predecessor-version":[{"id":2800,"href":"https:\/\/kurtjakob.ch\/index.php?rest_route=\/wp\/v2\/posts\/1887\/revisions\/2800"}],"wp:attachment":[{"href":"https:\/\/kurtjakob.ch\/index.php?rest_route=%2Fwp%2Fv2%2Fmedia&parent=1887"}],"wp:term":[{"taxonomy":"category","embeddable":true,"href":"https:\/\/kurtjakob.ch\/index.php?rest_route=%2Fwp%2Fv2%2Fcategories&post=1887"},{"taxonomy":"post_tag","embeddable":true,"href":"https:\/\/kurtjakob.ch\/index.php?rest_route=%2Fwp%2Fv2%2Ftags&post=1887"}],"curies":[{"name":"wp","href":"https:\/\/api.w.org\/{rel}","templated":true}]}}