{"id":185,"date":"2008-01-05T15:56:36","date_gmt":"2008-01-05T15:56:36","guid":{"rendered":"http:\/\/wp.kurtjakob.ch\/?p=185"},"modified":"2008-01-05T15:56:36","modified_gmt":"2008-01-05T15:56:36","slug":"ebooks-eine-weitere-erfahrung","status":"publish","type":"post","link":"https:\/\/kurtjakob.ch\/?p=185","title":{"rendered":"Ebooks &#8211; eine weitere Erfahrung"},"content":{"rendered":"<p align=\"left\">Gestern habe ich auf der Webseite von <a target=\"_blank\" href=\"http:\/\/www.books.ch\/\">Orell F\u00fcssli<\/a> etwas Interessantes entdeckt. Eigentlich wollte ich keine Ebooks kaufen, der Link aber machte mich neugierig.<\/p>\n<p><img loading=\"lazy\" decoding=\"async\" width=\"331\" height=\"110\" border=\"0\" src=\"http:\/\/blog.kurtjakob.ch\/uploads\/EbookseinkleinerNachtrag_BADB\/ebooks01_thumb.png\" alt=\"ebooks01\" style=\"border: 0px none ;\" \/> <\/p>\n<p align=\"left\">Nach dem Klick dann dieses neue Bild:<\/p>\n<p><img loading=\"lazy\" decoding=\"async\" width=\"337\" height=\"200\" border=\"0\" src=\"http:\/\/blog.kurtjakob.ch\/uploads\/EbookseinkleinerNachtrag_BADB\/ebooks02_thumb.png\" alt=\"ebooks02\" style=\"border: 0px none ;\" \/> <\/p>\n<p align=\"left\">Hatte ich eine neue Entwicklung verpasst? 20&#8217;000 Ebook-Titel? Alle im mobipocket-prc-Format? Es wurde aber noch sch\u00f6ner:<\/p>\n<p align=\"left\"><img loading=\"lazy\" decoding=\"async\" width=\"338\" height=\"169\" border=\"0\" src=\"http:\/\/blog.kurtjakob.ch\/uploads\/EbookseinkleinerNachtrag_BADB\/ebooks03_thumb.png\" alt=\"ebooks03\" style=\"border: 0px none ;\" \/> <\/p>\n<p align=\"left\">Auch der <a target=\"_blank\" href=\"http:\/\/blog.kurtjakob.ch\/index.php?\/archives\/181-iLiad-ER-0100-ein-neues-Lesegeraet-fuer-Ebooks.html\">iLiad-Reader<\/a> wird da offensichtlich zum Kauf angeboten. Gestern Abend war er auch f\u00fcr etwas mehr als Fr. 1000.- noch erh\u00e4ltlich, heute aber dann folgende Mitteilung:<\/p>\n<p align=\"left\"><img loading=\"lazy\" decoding=\"async\" width=\"365\" height=\"75\" border=\"0\" src=\"http:\/\/blog.kurtjakob.ch\/uploads\/EbookseinkleinerNachtrag_BADB\/ebooks04_thumb.png\" alt=\"ebooks04\" style=\"border: 0px none ;\" \/> <\/p>\n<p>Das Mobipocket-Format kann man nat\u00fcrlich auch auf dem Computer oder dem Pocket PC lesen, also wollen wir doch mal schauen, welche Titel da erh\u00e4ltlich sind. Ich klicke auf &quot;Romane&quot;. Es erscheint folgender Bildschirm:<\/p>\n<p align=\"left\"><a target=\"_blank\" href=\"http:\/\/www.books.ch\/shop\/action\/magazine?aUrl=90007790&#038;nav=9826\"><img loading=\"lazy\" decoding=\"async\" width=\"378\" height=\"232\" border=\"0\" src=\"http:\/\/blog.kurtjakob.ch\/uploads\/EbookseinkleinerNachtrag_BADB\/ebooks05_thumb.png\" alt=\"ebooks05\" style=\"border: 0px none ;\" \/><\/a> <\/p>\n<p align=\"left\">Da staune ich nicht schlecht: <em>Begierde des Blutes<\/em> wird mir als erstes Buch angeboten. Eine Recherche zeigt, dass das Buch 2005 erschienen ist, das Taschenbuch ist letztes Jahr erschienen und gedruckt f\u00fcr Fr. 16.90 erh\u00e4ltlich. Aber das Buch ist nicht eben nach meinem Geschmack. <em>\u00dcber die Kunst des Krieges<\/em> schliesslich ist kein Roman, ein Sachbuch mit philosophischem Inhalt. Wenn mir ein Sch\u00fcler an einer Pr\u00fcfung <em>Faust<\/em> von Goethe als Roman bezeichnen w\u00fcrde, dann g\u00e4be es harte Kritik. F\u00fcr mich v\u00f6llig unverst\u00e4ndlich, dass dies im Ebook-Angebot eines solchen Verlages passiert.<\/p>\n<p align=\"left\">Fazit: Miserables Angebot an Ebooks, zudem sehr schlecht und falsch pr\u00e4sentiert. Der Ebook-Reader ist verschwunden aus dem Sortiment, nicht mehr auffindbar, kein Kommentar zu diesem Ger\u00e4t. Mir scheint, da hat man bei Orell F\u00fcssli gar kein Interesse daran, Ebooks zu verkaufen. Den Faust I und II kann man \u00fcbrigens im <a target=\"_blank\" href=\"http:\/\/gutenberg.spiegel.de\/?id=19&#038;autorid=205&#038;autor_vorname=+Johann+Wolfgang+von&#038;autor_nachname=Goethe&#038;cHash=b31bbae2c6\">Projekt Gutenberg<\/a> gratis downloaden. Mit etwas Geschick kann man sich den Text dann selber zusammenstellen.<\/p>\n<\/p>\n<div style=\"margin: 0px; padding: 0px; display: inline;\" id=\"scid:0767317B-992E-4b12-91E0-4F059A8CECA8:a3f76ac4-dcff-4285-9e6b-831681ea9623\" class=\"wlWriterSmartContent\">Technorati Tags: <a rel=\"tag\" href=\"http:\/\/technorati.com\/tags\/ebook\">ebook<\/a>  del.icio.us Tags: <a rel=\"tag\" href=\"http:\/\/del.icio.us\/popular\/ebook\">ebook<\/a><\/div>\n<p><\/p>\n","protected":false},"excerpt":{"rendered":"<p>Gestern habe ich auf der Webseite von Orell F\u00fcssli etwas Interessantes entdeckt. Eigentlich wollte ich keine Ebooks kaufen, der Link aber machte mich neugierig. Nach dem Klick dann dieses neue Bild: Hatte ich eine neue Entwicklung verpasst? 20&#8217;000 Ebook-Titel? Alle im mobipocket-prc-Format? Es wurde aber noch sch\u00f6ner: Auch der iLiad-Reader wird da offensichtlich zum Kauf [&hellip;]<\/p>\n","protected":false},"author":3,"featured_media":0,"comment_status":"open","ping_status":"open","sticky":false,"template":"","format":"standard","meta":{"footnotes":""},"categories":[1],"tags":[27],"class_list":["post-185","post","type-post","status-publish","format-standard","hentry","category-uncategorized","tag-ebook"],"_links":{"self":[{"href":"https:\/\/kurtjakob.ch\/index.php?rest_route=\/wp\/v2\/posts\/185","targetHints":{"allow":["GET"]}}],"collection":[{"href":"https:\/\/kurtjakob.ch\/index.php?rest_route=\/wp\/v2\/posts"}],"about":[{"href":"https:\/\/kurtjakob.ch\/index.php?rest_route=\/wp\/v2\/types\/post"}],"author":[{"embeddable":true,"href":"https:\/\/kurtjakob.ch\/index.php?rest_route=\/wp\/v2\/users\/3"}],"replies":[{"embeddable":true,"href":"https:\/\/kurtjakob.ch\/index.php?rest_route=%2Fwp%2Fv2%2Fcomments&post=185"}],"version-history":[{"count":0,"href":"https:\/\/kurtjakob.ch\/index.php?rest_route=\/wp\/v2\/posts\/185\/revisions"}],"wp:attachment":[{"href":"https:\/\/kurtjakob.ch\/index.php?rest_route=%2Fwp%2Fv2%2Fmedia&parent=185"}],"wp:term":[{"taxonomy":"category","embeddable":true,"href":"https:\/\/kurtjakob.ch\/index.php?rest_route=%2Fwp%2Fv2%2Fcategories&post=185"},{"taxonomy":"post_tag","embeddable":true,"href":"https:\/\/kurtjakob.ch\/index.php?rest_route=%2Fwp%2Fv2%2Ftags&post=185"}],"curies":[{"name":"wp","href":"https:\/\/api.w.org\/{rel}","templated":true}]}}