{"id":1813,"date":"2015-05-02T09:53:54","date_gmt":"2015-05-02T07:53:54","guid":{"rendered":"http:\/\/blog.kurtjakob.ch\/?p=1813"},"modified":"2021-05-01T21:08:50","modified_gmt":"2021-05-01T21:08:50","slug":"europatag-2015-in-solothurn-und-wer-berichtet-darueber","status":"publish","type":"post","link":"https:\/\/kurtjakob.ch\/?p=1813","title":{"rendered":"Europatag 2015 in Solothurn &#8211; und wer berichtet dar\u00fcber?"},"content":{"rendered":"<div class=\"PublishedByWebStory-[6]1_B312DD35FC6240C2B7CBD3CCB83BBD61_D9002C245AA04E688EA28835CD17BE2F\">\n<p>Im Terminkalender unserer Schule habe ich das Folgende gelesen:<\/p>\n<p><img loading=\"lazy\" decoding=\"async\" src=\"http:\/\/blog.kurtjakob.ch\/wp-content\/uploads\/2015\/05\/D234B7E278CACEE96BEC4AD5BC5AA866C1DBCDEB.png\" width=\"289\" height=\"112\" border=\"0\" \/><\/p>\n<p>Weil eine meiner Klassen betroffen war, habe ich dies \u00fcberhaupt mitbekommen. Da war also die bulgarische Botschafterin hier, aber au\u00dfer im Terminkalender ist dazu nirgends etwas vermerkt. Unsere lokale Zeitung berichtet nicht dar\u00fcber. Eine Suche weist auf einen Leserbeitrag \u00fcber den Besuch des <a href=\"http:\/\/www.solothurnerzeitung.ch\/beitrag\/leserbeitrag\/eu-botschafter-richard-jones-an-der-kantonsschule-wettingen-129089393\" target=\"_blank\" rel=\"noopener\">EU-Botschafters Richard Jones an der Kantonsschule Wettingen<\/a>. Auch auf\u00a0unserer Schulhomepage kein Wort dar\u00fcber. Ist dieses Ereignis denn so nebens\u00e4chlich? Und \u00fcberhaupt: der Europatag 2015, auch dar\u00fcber wird nichts berichtet. Eine Suche auf google ergibt keine Treffer.<\/p>\n<p>Und was ist denn \u00fcberhaupt der Europatag?\u00a0Hier gibt einmal\u00a0mehr <a href=\"http:\/\/de.wikipedia.org\/wiki\/Europatag\" target=\"_blank\" rel=\"noopener\">Wikipedia<\/a> Auskunft: &#8222;Als Europatag werden zwei Tage im Jahr bezeichnet, an denen ein Feiertag f\u00fcr Europa begangen wird.&#8220; Der eine dieser Tage ist jeweils am 5. Mai, dieser Tag erinnert an die Gr\u00fcndung des Europarates.<\/p>\n<p>Auf der <a href=\"http:\/\/europa.eu\/about-eu\/basic-information\/symbols\/europe-day\/index_de.htm#goto_4\" target=\"_blank\" rel=\"noopener\">offiziellen Seite der EU<\/a> findet man zwar Informationen zum Europatag 2015, aber nat\u00fcrlich nicht \u00fcber Aktivit\u00e4ten in der Schweiz. Schlie\u00dflich ist die Schweiz auch kein Mitglied der EU. Aber \u00fcber Aktivit\u00e4ten zum Europatag weltweit liest man schlie\u00dflich:<\/p>\n<blockquote><p>Die EU-Vertretungen organisieren in ihren Gastl\u00e4ndern in Zusammenarbeit mit den Botschaften der EU-L\u00e4nder Aktivit\u00e4ten zum Thema Europa in der Welt. In Lesungen, Wettbewerben, Filmfestivals und anderen Veranstaltungen zeigen sie, was Europa alles zu bieten hat.<\/p><\/blockquote>\n<p>Aber schliesslich finde ich doch etwas auf <a href=\"https:\/\/twitter.com\/KantonSolothurn\/status\/593418747530113024\" target=\"_blank\" rel=\"noopener\">Twitter<\/a>:<\/p>\n<p><img loading=\"lazy\" decoding=\"async\" src=\"http:\/\/blog.kurtjakob.ch\/wp-content\/uploads\/2015\/05\/890C064803654496095F56D800C9A0974518D652.png\" width=\"497\" height=\"184\" border=\"0\" \/><\/p>\n<p>Wo allerdings die Republik Bulagrien liegt, frage ich mich schon. Aber der Link f\u00fchrt schliesslich zur <a href=\"https:\/\/www.facebook.com\/photo.php?fbid=886338328100119\" target=\"_blank\" rel=\"noopener\">Facebook-Seite unseres Kantons<\/a>, wo sogar ein Bild zu sehen ist.<\/p>\n<p><img loading=\"lazy\" decoding=\"async\" src=\"http:\/\/blog.kurtjakob.ch\/wp-content\/uploads\/2015\/05\/D2481EB7FF2AA377914AB1A4EA47BFF048849655.png\" width=\"392\" height=\"296\" border=\"0\" \/><\/p>\n<p>Und ich dachte schon, meine Sch\u00fcler h\u00e4tten das Ereignis nur erfunden, um nicht in den Unterricht zu kommen.<\/p>\n<div class=\"PoweredByWebStory\" style=\"margin-top: 15px; margin-bottom: 10px;\">\u00a0Published by <a href=\"http:\/\/webstory.my\/cs_invite.php?u=9696\" target=\"_blank\" rel=\"noopener\">WebStory<\/a><\/div>\n<\/div>\n","protected":false},"excerpt":{"rendered":"<p>Im Terminkalender unserer Schule habe ich das Folgende gelesen: Weil eine meiner Klassen betroffen war, habe ich dies \u00fcberhaupt mitbekommen. Da war also die bulgarische Botschafterin hier, aber au\u00dfer im Terminkalender ist dazu nirgends etwas vermerkt. Unsere lokale Zeitung berichtet nicht dar\u00fcber. Eine Suche weist auf einen Leserbeitrag \u00fcber den Besuch des EU-Botschafters Richard Jones [&hellip;]<\/p>\n","protected":false},"author":4,"featured_media":0,"comment_status":"open","ping_status":"open","sticky":false,"template":"","format":"standard","meta":{"footnotes":""},"categories":[212],"tags":[75,134,4,118],"class_list":["post-1813","post","type-post","status-publish","format-standard","hentry","category-schule","tag-digitale-welt","tag-information","tag-schulischer-alltag","tag-twitter"],"_links":{"self":[{"href":"https:\/\/kurtjakob.ch\/index.php?rest_route=\/wp\/v2\/posts\/1813","targetHints":{"allow":["GET"]}}],"collection":[{"href":"https:\/\/kurtjakob.ch\/index.php?rest_route=\/wp\/v2\/posts"}],"about":[{"href":"https:\/\/kurtjakob.ch\/index.php?rest_route=\/wp\/v2\/types\/post"}],"author":[{"embeddable":true,"href":"https:\/\/kurtjakob.ch\/index.php?rest_route=\/wp\/v2\/users\/4"}],"replies":[{"embeddable":true,"href":"https:\/\/kurtjakob.ch\/index.php?rest_route=%2Fwp%2Fv2%2Fcomments&post=1813"}],"version-history":[{"count":1,"href":"https:\/\/kurtjakob.ch\/index.php?rest_route=\/wp\/v2\/posts\/1813\/revisions"}],"predecessor-version":[{"id":2801,"href":"https:\/\/kurtjakob.ch\/index.php?rest_route=\/wp\/v2\/posts\/1813\/revisions\/2801"}],"wp:attachment":[{"href":"https:\/\/kurtjakob.ch\/index.php?rest_route=%2Fwp%2Fv2%2Fmedia&parent=1813"}],"wp:term":[{"taxonomy":"category","embeddable":true,"href":"https:\/\/kurtjakob.ch\/index.php?rest_route=%2Fwp%2Fv2%2Fcategories&post=1813"},{"taxonomy":"post_tag","embeddable":true,"href":"https:\/\/kurtjakob.ch\/index.php?rest_route=%2Fwp%2Fv2%2Ftags&post=1813"}],"curies":[{"name":"wp","href":"https:\/\/api.w.org\/{rel}","templated":true}]}}