{"id":1808,"date":"2015-05-01T20:03:56","date_gmt":"2015-05-01T18:03:56","guid":{"rendered":"http:\/\/blog.kurtjakob.ch\/?p=1808"},"modified":"2021-05-10T20:16:42","modified_gmt":"2021-05-10T20:16:42","slug":"bildungsfachleute","status":"publish","type":"post","link":"https:\/\/kurtjakob.ch\/?p=1808","title":{"rendered":"Bildungsfachleute"},"content":{"rendered":"<div class=\"PublishedByWebStory-[6]1_C050D24FAE2F40AE9D97D1317B7468E9_691BC997E4DE4D3D942FCE5CB50D135A\">\n<p>\u00a0In der Solothurner Zeitung von gestern fand ich den folgenden Artikel:<\/p>\n<p><a href=\"http:\/\/www.solothurnerzeitung.ch\/solothurn\/thal-gaeu\/bildungsfachleute-informieren-ueber-den-neuen-lehrplan-21-129090196\" target=\"_blank\" rel=\"noopener\"><img loading=\"lazy\" decoding=\"async\" src=\"http:\/\/blog.kurtjakob.ch\/wp-content\/uploads\/2015\/05\/4710F68CB9EC8E6ED7B6C018F3FFDCB176147223.png\" width=\"645\" height=\"96\" border=\"0\" \/><\/a><\/p>\n<p>Da frage ich mich als Lehrer nat\u00fcrlich, wer oder was denn diese Bildungsfachleute sind. Eine Suche bei Duden ergibt ein ern\u00fcchterndes Resultat.<\/p>\n<p><img loading=\"lazy\" decoding=\"async\" src=\"http:\/\/blog.kurtjakob.ch\/wp-content\/uploads\/2015\/05\/8A740C15069F21579F8EB51F0D0CC867D2FFE7C3.png\" width=\"217\" height=\"116\" border=\"0\" \/><\/p>\n<p>Gibt es also keine Bildungsfachleute? Oder gibt es sie zwar, aber es gibt das Wort gar nicht?<\/p>\n<p>Eine weitere Recherche zeigt dann schnell, dass es sie gibt. Auf der Seite der <a href=\"http:\/\/www.lernwerkstatt.ch\/index.cfm?s=TmpLehrgang&amp;contentID=1&amp;open=7&amp;hmID=1&amp;action=hm1&amp;content=um11&amp;language=de&amp;#anker7\" target=\"_blank\" rel=\"noopener\">Lernwerkstatt<\/a> findet man n\u00e4here Details<\/p>\n<p>Es wird ein modularer Lehrgang angeboten. Und warum soll man Bildungsfachmann\/frau werden?<\/p>\n<blockquote><p>Best\u00e4tigen Sie Ihre Kompetenz: Mit dem anerkannten Zertifikat als Ausbilder\/in mit eidg. Fachausweis treten Sie auf dem Bildungsmarkt als qualifizierte Fachkraft auf und Sie stellen Ihre soziale, Ihre fachliche und Ihre methodische Qualit\u00e4t unter Beweis. Mit dem anerkannten Abschluss gewinnen Sie zus\u00e4tzlich Vertrauen und schaffen die Voraussetzung f\u00fcr neue berufliche Chancen.<\/p><\/blockquote>\n<p>Was gilt es mitzubringen?<\/p>\n<blockquote><p>&#8211; Freude am Lehren und Lernen<br \/>\n&#8211; Idealerweise eine aktuelle Ausbildungst\u00e4tigkeit in einem Unternehmen oder an einer Bildungsinstitution<\/p><\/blockquote>\n<p>Auch an der &#8222;<a href=\"http:\/\/www.self.ch\/bildungsfachleute\" target=\"_blank\" rel=\"noopener\">H\u00f6heren Fachschule f\u00fcr Erwachsenenbildung, Leitung und F\u00fchrung<\/a>&#8220; gibt es eine entsprechende Ausbildung.<\/p>\n<p><img loading=\"lazy\" decoding=\"async\" src=\"http:\/\/blog.kurtjakob.ch\/wp-content\/uploads\/2015\/05\/B3461BF3705EF834238825CA0B66DA39229FD84F.png\" width=\"559\" height=\"127\" border=\"0\" \/><\/p>\n<p>Und wie man dann weiter lesen kann, ist eine solche Ausbildung auch sehr wichtig.<\/p>\n<blockquote><p>Der rasante technologische, soziale und \u00f6konomische Wandel fordert uns heraus, neue Wege in Management und Bildung zu gehen.<br \/>\nDeshalb braucht ein modernes Management f\u00fchrungskompetente AusbildnerInnen und bildungskompetente Vorgesetzte.<\/p><\/blockquote>\n<p>Und wer wird uns in besagtem Artikel der Solothurner Zeitung denn als ein solch bildungskompetenter Vorgesetzter gezeigt?<\/p>\n<p>&#8222;Die Gespr\u00e4chsrunde (v.l.): Georg Berger, Direktor BBZ Olten; Urs Schmid, Projektleiter Berufsbildung Kantonal-Solothurnischer Gewerbeverband; Remo Ankli, Vorsteher des Departements f\u00fcr Bildung und Kultur; Beat N\u00fctzi, Moderator und Pr\u00e4sident Zweckverband Kreisschule G\u00e4u; Karin B\u00fcttler, Kantonsr\u00e4tin und Mitglied der Bildungs- und Kulturkommission; Christoph Kohler, Direktor der Kreisschule G\u00e4u.&#8220;<\/p>\n<p>Alles klar? Die Lehrpersonen sind und bleiben Lehrpersonen und vielleicht bestenfalls Ausbildungsfachleute, oder nur Ausbildungsleute? Der Lehrplan 21 wird im Kanton Solothurn aber definitiv von Bildungsfachleuten vorgestellt, die Ausbildungsleute werden ihn nachher umsetzen.<\/p>\n<div class=\"PoweredByWebStory\" style=\"margin-top: 15px; margin-bottom: 10px;\">\u00a0Published by <a href=\"http:\/\/webstory.my\/cs_invite.php?u=9696\" target=\"_blank\" rel=\"noopener\">WebStory<\/a><\/div>\n<\/div>\n","protected":false},"excerpt":{"rendered":"<p>\u00a0In der Solothurner Zeitung von gestern fand ich den folgenden Artikel: Da frage ich mich als Lehrer nat\u00fcrlich, wer oder was denn diese Bildungsfachleute sind. Eine Suche bei Duden ergibt ein ern\u00fcchterndes Resultat. Gibt es also keine Bildungsfachleute? Oder gibt es sie zwar, aber es gibt das Wort gar nicht? Eine weitere Recherche zeigt dann [&hellip;]<\/p>\n","protected":false},"author":4,"featured_media":0,"comment_status":"open","ping_status":"open","sticky":false,"template":"","format":"standard","meta":{"footnotes":""},"categories":[244,212],"tags":[120,28,154,127,40],"class_list":["post-1808","post","type-post","status-publish","format-standard","hentry","category-bildung","category-schule","tag-bildung","tag-lehrer","tag-lehrplan","tag-padagogik","tag-schule"],"_links":{"self":[{"href":"https:\/\/kurtjakob.ch\/index.php?rest_route=\/wp\/v2\/posts\/1808","targetHints":{"allow":["GET"]}}],"collection":[{"href":"https:\/\/kurtjakob.ch\/index.php?rest_route=\/wp\/v2\/posts"}],"about":[{"href":"https:\/\/kurtjakob.ch\/index.php?rest_route=\/wp\/v2\/types\/post"}],"author":[{"embeddable":true,"href":"https:\/\/kurtjakob.ch\/index.php?rest_route=\/wp\/v2\/users\/4"}],"replies":[{"embeddable":true,"href":"https:\/\/kurtjakob.ch\/index.php?rest_route=%2Fwp%2Fv2%2Fcomments&post=1808"}],"version-history":[{"count":1,"href":"https:\/\/kurtjakob.ch\/index.php?rest_route=\/wp\/v2\/posts\/1808\/revisions"}],"predecessor-version":[{"id":2933,"href":"https:\/\/kurtjakob.ch\/index.php?rest_route=\/wp\/v2\/posts\/1808\/revisions\/2933"}],"wp:attachment":[{"href":"https:\/\/kurtjakob.ch\/index.php?rest_route=%2Fwp%2Fv2%2Fmedia&parent=1808"}],"wp:term":[{"taxonomy":"category","embeddable":true,"href":"https:\/\/kurtjakob.ch\/index.php?rest_route=%2Fwp%2Fv2%2Fcategories&post=1808"},{"taxonomy":"post_tag","embeddable":true,"href":"https:\/\/kurtjakob.ch\/index.php?rest_route=%2Fwp%2Fv2%2Ftags&post=1808"}],"curies":[{"name":"wp","href":"https:\/\/api.w.org\/{rel}","templated":true}]}}