{"id":180,"date":"2007-12-17T15:19:41","date_gmt":"2007-12-17T15:19:41","guid":{"rendered":"http:\/\/wp.kurtjakob.ch\/?p=180"},"modified":"2007-12-17T15:19:41","modified_gmt":"2007-12-17T15:19:41","slug":"ms-office-2007-zura%c2%bcck-zur-klassischen-oberfla%c2%a4che","status":"publish","type":"post","link":"https:\/\/kurtjakob.ch\/?p=180","title":{"rendered":"MS Office 2007 &#8211; Zur\u00fcck zur klassischen Oberfl\u00e4che?"},"content":{"rendered":"<p align=\"left\"><img loading=\"lazy\" decoding=\"async\" style=\"border: 0px none;\" src=\"http:\/\/blog.kurtjakob.ch\/uploads\/MSOffice2007ZurckzurklassischenOberflche_E259\/Wordmenu.png\" alt=\"Wordmenu\" width=\"571\" height=\"63\" border=\"0\" \/><\/p>\n<p align=\"left\">Wer jahrelang mit dem Officepaket von Microsoft gearbeitet hat, hat Schwierigkeiten bei der Umstellung auf die Oberfl\u00e4che von Office 2007. Keine der Umstellungen der Vorg\u00e4ngerversionen war wirklich derart krass wie der \u00dcbergang von 2003 auf 2007. Schwierigkeiten haben auch die Sch\u00fcler, die zu Hause noch mit PowerPoint 2003 arbeiten, dann den Stick im Schulzimmer in den Laptop des Lehrers einstecken und sich nun pl\u00f6tzlich mit der Oberfl\u00e4che von 2007 konfrontiert sehen. Immer wieder h\u00f6re ich auch Klagen von meinen Kolleginnen und Kollegen, die auf das neue Office-Paket umgestellt haben. Man verbraucht am Anfang tats\u00e4chlich sehr viel Zeit, nur um die alten Men\u00fcpunkte wieder zu finden.<\/p>\n<p align=\"left\">Hier nun eine m\u00f6gliche L\u00f6sung, die allerdings etwas kostet: Das Programm ist ein Addin, man kann es <a href=\"http:\/\/www.addintools.com\/german\/\" target=\"_blank\">hier<\/a> finden. Man kann eine 15-t\u00e4gige Testversion herunterladen und sich von den Vorteilen selber \u00fcberzeugen.<\/p>\n<p align=\"left\">Nach der Installation erscheint die alte Men\u00fcleiste dann zu Beginn der neuen Leiste. Und schon stimmt die Welt der nicht anpassungsf\u00e4higen Office-Benutzer wieder &#8211; oder anders ausgedr\u00fcckt: man kann die Zeit wieder f\u00fcr Sinnvolleres nutzen als f\u00fcr die Suche nach den verlorenen Men\u00fcpunkten.<\/p>\n<p align=\"left\">\n<p><\/p>\n","protected":false},"excerpt":{"rendered":"<p>Wer jahrelang mit dem Officepaket von Microsoft gearbeitet hat, hat Schwierigkeiten bei der Umstellung auf die Oberfl\u00e4che von Office 2007. Keine der Umstellungen der Vorg\u00e4ngerversionen war wirklich derart krass wie der \u00dcbergang von 2003 auf 2007. Schwierigkeiten haben auch die Sch\u00fcler, die zu Hause noch mit PowerPoint 2003 arbeiten, dann den Stick im Schulzimmer in [&hellip;]<\/p>\n","protected":false},"author":4,"featured_media":0,"comment_status":"open","ping_status":"open","sticky":false,"template":"","format":"standard","meta":{"footnotes":""},"categories":[1],"tags":[15],"class_list":["post-180","post","type-post","status-publish","format-standard","hentry","category-uncategorized","tag-software"],"_links":{"self":[{"href":"https:\/\/kurtjakob.ch\/index.php?rest_route=\/wp\/v2\/posts\/180","targetHints":{"allow":["GET"]}}],"collection":[{"href":"https:\/\/kurtjakob.ch\/index.php?rest_route=\/wp\/v2\/posts"}],"about":[{"href":"https:\/\/kurtjakob.ch\/index.php?rest_route=\/wp\/v2\/types\/post"}],"author":[{"embeddable":true,"href":"https:\/\/kurtjakob.ch\/index.php?rest_route=\/wp\/v2\/users\/4"}],"replies":[{"embeddable":true,"href":"https:\/\/kurtjakob.ch\/index.php?rest_route=%2Fwp%2Fv2%2Fcomments&post=180"}],"version-history":[{"count":0,"href":"https:\/\/kurtjakob.ch\/index.php?rest_route=\/wp\/v2\/posts\/180\/revisions"}],"wp:attachment":[{"href":"https:\/\/kurtjakob.ch\/index.php?rest_route=%2Fwp%2Fv2%2Fmedia&parent=180"}],"wp:term":[{"taxonomy":"category","embeddable":true,"href":"https:\/\/kurtjakob.ch\/index.php?rest_route=%2Fwp%2Fv2%2Fcategories&post=180"},{"taxonomy":"post_tag","embeddable":true,"href":"https:\/\/kurtjakob.ch\/index.php?rest_route=%2Fwp%2Fv2%2Ftags&post=180"}],"curies":[{"name":"wp","href":"https:\/\/api.w.org\/{rel}","templated":true}]}}