{"id":18,"date":"2006-09-03T09:14:12","date_gmt":"2006-09-03T09:14:12","guid":{"rendered":"http:\/\/wp.kurtjakob.ch\/?p=18"},"modified":"2021-05-01T14:32:28","modified_gmt":"2021-05-01T14:32:28","slug":"neuregelung-der-neuen-rechtschreibung","status":"publish","type":"post","link":"https:\/\/kurtjakob.ch\/?p=18","title":{"rendered":"Neuregelung der neuen Rechtschreibung"},"content":{"rendered":"<p><img loading=\"lazy\" decoding=\"async\" style=\"width: 128px; height: 189px;\" src=\"http:\/\/blog.kurtjakob.ch\/uploads\/Daten\/duden.jpg\" alt=\"Duden\" width=\"128\" height=\"189\" align=\"bottom\" border=\"0\" hspace=\"0\" \/><\/p>\n<p><span style=\"font-size: medium;\">Ich werde immer wieder gefragt, was sich denn eigentlich seit dem 1.8.06 in der Rechtschreibung ver\u00e4ndert hat. <\/span><del><a href=\"http:\/\/www.duden.de\/index2.html?neue_rechtschreibung\/neuregelung\/neuregelung.html\"><span style=\"font-size: medium;\">Hier<\/span><\/a><\/del><span style=\"font-size: medium;\"><del> kann<\/del> Dort konnte man aus erster Hand einen \u00dcberblick aus dem Duden-Verlag \u00fcber die Ver\u00e4nderungen finden, <a href=\"http:\/\/www.ids-mannheim.de\/pub\/laufend\/sprachreport\/pdf\/sr06-extra.pdf\">hier<\/a> vom <a href=\"http:\/\/rechtschreibrat.ids-mannheim.de\/\">Rat f\u00fcr deutsche Rechtschreibung<\/a>.<\/span><\/p>\n<p><span style=\"font-size: medium;\"><a title=\"Regeln\" href=\"http:\/\/rechtschreibrat.ids-mannheim.de\/doku\/teil1_regeln2006.pdf\">Hier<\/a> findet man das gesamte Regelwerk als pdf-Datei und <a title=\"W\u00f6rterverzeichnis\" href=\"http:\/\/rechtschreibrat.ids-mannheim.de\/doku\/teil2_woerterverzeichnis2006.pdf\">hier<\/a> das gesamte W\u00f6rterverzeichnis.<\/span><\/p>\n","protected":false},"excerpt":{"rendered":"<p>Ich werde immer wieder gefragt, was sich denn eigentlich seit dem 1.8.06 in der Rechtschreibung ver\u00e4ndert hat. Hier kann Dort konnte man aus erster Hand einen \u00dcberblick aus dem Duden-Verlag \u00fcber die Ver\u00e4nderungen finden, hier vom Rat f\u00fcr deutsche Rechtschreibung. Hier findet man das gesamte Regelwerk als pdf-Datei und hier das gesamte W\u00f6rterverzeichnis.<\/p>\n","protected":false},"author":3,"featured_media":0,"comment_status":"open","ping_status":"open","sticky":false,"template":"","format":"standard","meta":{"footnotes":""},"categories":[219],"tags":[9,97],"class_list":["post-18","post","type-post","status-publish","format-standard","hentry","category-sprache","tag-rechtschreibung","tag-sprachliches"],"_links":{"self":[{"href":"https:\/\/kurtjakob.ch\/index.php?rest_route=\/wp\/v2\/posts\/18","targetHints":{"allow":["GET"]}}],"collection":[{"href":"https:\/\/kurtjakob.ch\/index.php?rest_route=\/wp\/v2\/posts"}],"about":[{"href":"https:\/\/kurtjakob.ch\/index.php?rest_route=\/wp\/v2\/types\/post"}],"author":[{"embeddable":true,"href":"https:\/\/kurtjakob.ch\/index.php?rest_route=\/wp\/v2\/users\/3"}],"replies":[{"embeddable":true,"href":"https:\/\/kurtjakob.ch\/index.php?rest_route=%2Fwp%2Fv2%2Fcomments&post=18"}],"version-history":[{"count":2,"href":"https:\/\/kurtjakob.ch\/index.php?rest_route=\/wp\/v2\/posts\/18\/revisions"}],"predecessor-version":[{"id":2742,"href":"https:\/\/kurtjakob.ch\/index.php?rest_route=\/wp\/v2\/posts\/18\/revisions\/2742"}],"wp:attachment":[{"href":"https:\/\/kurtjakob.ch\/index.php?rest_route=%2Fwp%2Fv2%2Fmedia&parent=18"}],"wp:term":[{"taxonomy":"category","embeddable":true,"href":"https:\/\/kurtjakob.ch\/index.php?rest_route=%2Fwp%2Fv2%2Fcategories&post=18"},{"taxonomy":"post_tag","embeddable":true,"href":"https:\/\/kurtjakob.ch\/index.php?rest_route=%2Fwp%2Fv2%2Ftags&post=18"}],"curies":[{"name":"wp","href":"https:\/\/api.w.org\/{rel}","templated":true}]}}