{"id":1704,"date":"2014-05-17T16:58:35","date_gmt":"2014-05-17T14:58:35","guid":{"rendered":"http:\/\/blog.kurtjakob.ch\/?p=1704"},"modified":"2021-05-10T20:24:40","modified_gmt":"2021-05-10T20:24:40","slug":"tablet-oder-doch-ipad","status":"publish","type":"post","link":"https:\/\/kurtjakob.ch\/?p=1704","title":{"rendered":"Tablet oder doch iPad"},"content":{"rendered":"<div class=\"PublishedByWebStory-[6]1_98CA5CB4B1FF485687F12E5B93AADF20_7AD691FEDCF2499991F8A126ED64D5FB\"><a href=\"http:\/\/www.zofingertagblatt.ch\/?rub=-8&amp;id=-187886\"><img loading=\"lazy\" decoding=\"async\" src=\"http:\/\/blog.kurtjakob.ch\/wp-content\/uploads\/2014\/05\/71C95DA7E6C462301429C5D47B50D7F6446B2162.png\" alt=\"\" width=\"627\" height=\"262\" border=\"0\" \/><\/a><\/div>\n<div class=\"PublishedByWebStory-[6]1_98CA5CB4B1FF485687F12E5B93AADF20_7AD691FEDCF2499991F8A126ED64D5FB\"><\/div>\n<div class=\"PublishedByWebStory-[6]1_98CA5CB4B1FF485687F12E5B93AADF20_7AD691FEDCF2499991F8A126ED64D5FB\"><\/div>\n<div class=\"PublishedByWebStory-[6]1_98CA5CB4B1FF485687F12E5B93AADF20_7AD691FEDCF2499991F8A126ED64D5FB\"><\/div>\n<p>Am letzten Mittwoch hat Raffael Schuppisser in der Solothurner-Zeitung einen\u00a0Bericht \u00fcber einen einw\u00f6chigen Versuch mit einem <strong>Dell Venue 11 Pro<\/strong> geschrieben. Die Frage war f\u00fcr ihn, ob dieser Tablet ein iPad und einen Mac Book ersetzen kann oder nicht. Da war ich nat\u00fcrlich gespannt. Was ist dabei rausgekommen?<\/p>\n<ul>\n<li>Zuerst einmal war da die Windows-8-Oberfl\u00e4che, mit der sich die Versuchsperson herumschlagen musste. Daran habe er sich aber gew\u00f6hnt. Da h\u00e4tten die Versuchspersonen besonders gesch\u00e4tzt, dass sie Apps nicht nur aus dem Microsoft-Store laden konnten, sondern von beliebigen Orten.<br \/>\nSo etwas f\u00e4llt nat\u00fcrlich nur einen Mac-User auf, daran haben sich die Windows-, aber auch die Android-Nutzer l\u00e4ngst gew\u00f6hnt. Das ist ja der entscheidende Vorteil dieser Systeme.<\/li>\n<li>Positiv aufgefallen ist auch der USB-Slot. Damit k\u00f6nne man beliebige Daten \u00fcbertragen, ein Vorteil, den die Versuchspersonen &#8222;wegen der h\u00e4ufigen Nutzung des iPads fast vergessen&#8220; hatten.<br \/>\nAuch dieser Punkt ist f\u00fcr die Windows-Nutzer selbstverst\u00e4ndlich.<\/li>\n<\/ul>\n<p>Nun aber kommen die negativen Seiten, und die haben doch etwas \u00fcberrascht:<\/p>\n<ul>\n<li>&#8222;Doch bald erkennen wir auch die grosse Schw\u00e4che von Windows 8.1. Es ist dieselbe, die schon vor rund 18 Monaten bei der Lancierung von Windows 8 bestand: die fehlenden Apps.&#8220;\u00a0 Als Beispiele werden nun genannt: &#8222;Twitter und Facebook gibt es nat\u00fcrlich. Doch was ist mit anderen, von uns h\u00e4ufig genutzten Apps? Spotify, Feedly, Dropbox, Pocket \u2013 gibt es alles nicht. Wir sind gezwungen auf Alternativen auszuweichen, was wir aber eigentlich nicht wollen.&#8220;<br \/>\nDa beginnt man doch etwas aufzuhorchen. Was genau meint da der Autor?\u00a0 Was versteht er unter Apps? Es gibt doch schlie\u00dflich die Programme f\u00fcr Spotify und Dropbox, diese sind wohl nicht im App-Store erh\u00e4ltlich, wohl aber unter der Webseite der Hersteller. Da braucht es etwas Fantasie.<br \/>\nF\u00fcr Pocket schlie\u00dflich gibt es tats\u00e4chlich eine App: <a href=\"http:\/\/apps.microsoft.com\/windows\/en-us\/app\/burn-after-reading\/397ec16c-4764-4893-a5ec-e812da681dbe\">Burn After Reading<\/a>\u00a0oder <a href=\"http:\/\/apps.microsoft.com\/windows\/en-us\/app\/in-the-pocket-free\/75ae5846-2a9a-4447-8fd3-bb5e26e32815\">In The Pocket Free<\/a>. Vielleicht sind diese\u00a0Programme am letzten Mittwoch noch nicht erh\u00e4ltlich gewesen?<br \/>\nUnd schlie\u00dflich: Feedly schlie\u00dflich l\u00e4uft \u00fcber den Browser,\u00a0alle\u00a0andern Anwendungen nat\u00fcrlich auch.<\/li>\n<li>&#8222;Noch schlimmer ist es bei den Zeitungs- Applikationen. \u00abDie Nordwestschweiz \u00bb gibt es nicht als Windows- App \u2013 man kann h\u00f6chstens das E-Paper im Browser lesen. Doch das ist umst\u00e4ndlich, ein richtiges Zeitungsfeeling kommt da nicht auf.&#8220;<br \/>\nDa m\u00fcsste Raffael Schuppisser am besten im eigenen Verlag anklopfen und fragen, warum dies so ist, warum man so einseitig auf die mobilen Ger\u00e4te setzt. Zum andern aber bietet das Lesen im Browser ganz klare Vorteile, auf diese werde ich in einem folgenden Beitrag eingehen. So kann man sehr schnell Artikel in die Dropbox schicken \u00fcber die entsprechende Browser-Erweiterung.<\/li>\n<li>Die Schlussfolgerung: &#8222;Damit f\u00e4llt das Venue 11 Pro und das Betriebssystem Windows 8.1 f\u00fcr unseren Gebrauch durch. Denn f\u00fcr kaum etwas nutzen wir das iPad so h\u00e4ufig wie f\u00fcr das Lesen von Zeitungen und Magazinen.&#8220;<br \/>\nEinverstanden, wenn es nur ums Lesen geht, dann ist das iPad viel praktischer. Wenn es aber um die Weiterverarbeitung von Artikeln geht, dann kann man dies mit dem iPad nur sehr umst\u00e4ndlich machen.<\/li>\n<\/ul>\n<div class=\"PoweredByWebStory\" style=\"margin-top: 15px; margin-bottom: 10px;\">\u00a0Published by <a href=\"http:\/\/webstory.my\/cs_invite.php?u=9696\" target=\"_blank\" rel=\"noopener\">WebStory<\/a><\/div>\n","protected":false},"excerpt":{"rendered":"<p>Am letzten Mittwoch hat Raffael Schuppisser in der Solothurner-Zeitung einen\u00a0Bericht \u00fcber einen einw\u00f6chigen Versuch mit einem Dell Venue 11 Pro geschrieben. Die Frage war f\u00fcr ihn, ob dieser Tablet ein iPad und einen Mac Book ersetzen kann oder nicht. Da war ich nat\u00fcrlich gespannt. Was ist dabei rausgekommen? Zuerst einmal war da die Windows-8-Oberfl\u00e4che, mit [&hellip;]<\/p>\n","protected":false},"author":4,"featured_media":0,"comment_status":"open","ping_status":"open","sticky":false,"template":"","format":"standard","meta":{"footnotes":""},"categories":[247],"tags":[150,94,21],"class_list":["post-1704","post","type-post","status-publish","format-standard","hentry","category-computer","tag-ios","tag-ipad","tag-tablet-pc"],"_links":{"self":[{"href":"https:\/\/kurtjakob.ch\/index.php?rest_route=\/wp\/v2\/posts\/1704","targetHints":{"allow":["GET"]}}],"collection":[{"href":"https:\/\/kurtjakob.ch\/index.php?rest_route=\/wp\/v2\/posts"}],"about":[{"href":"https:\/\/kurtjakob.ch\/index.php?rest_route=\/wp\/v2\/types\/post"}],"author":[{"embeddable":true,"href":"https:\/\/kurtjakob.ch\/index.php?rest_route=\/wp\/v2\/users\/4"}],"replies":[{"embeddable":true,"href":"https:\/\/kurtjakob.ch\/index.php?rest_route=%2Fwp%2Fv2%2Fcomments&post=1704"}],"version-history":[{"count":1,"href":"https:\/\/kurtjakob.ch\/index.php?rest_route=\/wp\/v2\/posts\/1704\/revisions"}],"predecessor-version":[{"id":2229,"href":"https:\/\/kurtjakob.ch\/index.php?rest_route=\/wp\/v2\/posts\/1704\/revisions\/2229"}],"wp:attachment":[{"href":"https:\/\/kurtjakob.ch\/index.php?rest_route=%2Fwp%2Fv2%2Fmedia&parent=1704"}],"wp:term":[{"taxonomy":"category","embeddable":true,"href":"https:\/\/kurtjakob.ch\/index.php?rest_route=%2Fwp%2Fv2%2Fcategories&post=1704"},{"taxonomy":"post_tag","embeddable":true,"href":"https:\/\/kurtjakob.ch\/index.php?rest_route=%2Fwp%2Fv2%2Ftags&post=1704"}],"curies":[{"name":"wp","href":"https:\/\/api.w.org\/{rel}","templated":true}]}}