{"id":170,"date":"2007-11-06T23:25:56","date_gmt":"2007-11-06T23:25:56","guid":{"rendered":"http:\/\/wp.kurtjakob.ch\/?p=170"},"modified":"2007-11-06T23:25:56","modified_gmt":"2007-11-06T23:25:56","slug":"internet-und-computer-an-schulen-eine-antwort-auf-den-nzz-artikel-vom-6-11-07","status":"publish","type":"post","link":"https:\/\/kurtjakob.ch\/?p=170","title":{"rendered":"Internet und Computer an Schulen &#8211; eine Antwort auf den NZZ-Artikel vom 6.11.07"},"content":{"rendered":"<p><a href=\"http:\/\/blog.kurtjakob.ch\/uploads\/InternetundComputeranSchuleneineAntworta_240\/NZZ.png\"><img loading=\"lazy\" decoding=\"async\" id=\"id\" style=\"border: 0px none;\" src=\"http:\/\/blog.kurtjakob.ch\/uploads\/InternetundComputeranSchuleneineAntworta_240\/NZZ_thumb.png\" alt=\"NZZ\" width=\"428\" height=\"193\" border=\"0\" \/><\/a><\/p>\n<p align=\"left\">In regelm\u00e4ssigen Abst\u00e4nden erscheinen in der Presse kritische Beitr\u00e4ge zum Einsatz von ICT im Unterricht. Ausgel\u00f6st durch den Beitrag in der <a href=\"http:\/\/blog.kurtjakob.ch\/index.php?\/archives\/112-Ein-Laptop-fuer-jeden-Schueler-Versuch-abgebrochen.html\" target=\"_blank\">New York Times am 4.5.07<\/a>, erschien zuerst im <a href=\"http:\/\/blog.kurtjakob.ch\/index.php?\/archives\/119-Ein-Laptop-fuer-jeden-Schueler-nochmals.html\" target=\"_blank\">Spiegel<\/a> ein l\u00e4ngerer kritischer Beitrag zum Computereinsatz in Schulstunden, dann auch in der <a href=\"http:\/\/blog.kurtjakob.ch\/index.php?\/archives\/149-Computer-machen-die-Schule.html\" target=\"_blank\">Schweizer Sonntagspresse<\/a>. Nachdem Milliarden in die Technisierung der Schulh\u00e4user investiert worden ist, sei derUnterricht dadurch nicht besser geworden, so lautet die einhellige Meinung. Der <a href=\"http:\/\/l036sys0.nzz.ch\/2007\/11\/06\/il\/articleFNTNR.html\" target=\"_blank\">neue NZZ-Artikel<\/a> formuliert etwas vorsichtiger, man sei \u201esich \u00fcber den Nutzen der neuen Technologie in der Schule noch nicht im Klaren.\u201c Es fehle an Untersuchungen in der Schweiz, \u201edie den positiven Einfluss von ICT auf die Leistung der Sch\u00fcler nachweisen k\u00f6nnten\u201c. Wir seien noch nicht \u00fcber die Experimentierphase hinausgekommen.<\/p>\n<p align=\"left\">Es stimmt sicher, viel Geld ist in die Vernetzung der Schulen investiert worden. Teilweise hatten die Verantwortlichen \u00fcbertrieben hohe Erwartungen in den p\u00e4dagogischen Nutzen der neuen Technologien. Andererseits wusste man nicht, wie diese neuen Technologien p\u00e4dagogisch \u00fcberhaupt sinnvoll angewendet werden konnten.<\/p>\n<p align=\"left\">Aber im Ernst: Niemand hat doch ernsthaft geglaubt, dass die Sch\u00fcler durch den Einsatz von Computern schneller lesen, rechnen und schreiben lernen. Niemand hat geglaubt, dass sich Schulleistungen allein durch die Anwesenheit von Computern verbessern lassen.<\/p>\n<p align=\"left\">Und was hat man mit den riesigen Investitionen erreicht? Man hat mit diesem Geld nicht nur Computer angeschafft, man hat auch sehr viele Lehrpersonen in Kaderlehrg\u00e4ngen weitergebildet. Diese Lehrpersonen haben viele Unterrichtsbeispiele &#8211; sogenannte p\u00e4dagogische Szenarien &#8211; erarbeitet, die f\u00fcr alle Lehrkr\u00e4fte <a href=\"http:\/\/www.edubs.ch\/lehrpersonen\/Szenarien\/index.pt\" target=\"_blank\">frei zug\u00e4nglich sind<\/a>. Wenn man diese Beispiele genau studiert, dann ist es blanker Hohn, hier einfach von einer Experimentierphase zu sprechen. Diese ausgebildeten Fachleute erteilen jetzt Weiterbildungskurse an Schulen und an p\u00e4dagogischen Fachhochschulen. Zudem sind neuen Lehrpl\u00e4nen erstellt worden, die den Einsatz von ICT im Unterricht auf den verschiedenen Schulstufen regeln. Ist dies eine Experimentierphase? Ich w\u00fcrde es eher eine Aufbruchphase nennen. Jetzt m\u00fcssten diese Lehrplanvorschl\u00e4ge von den zust\u00e4ndigen politischen Instanzen in Kraft gesetzt werden, dann werden wir die entsprechenden Ver\u00e4nderungen schon zu sp\u00fcren bekommen.<\/p>\n<p align=\"left\">Vielleicht greift die PISA-Studie ja zu kurz. W\u00e4re es nicht an der Zeit, neben Lesen, Schreiben und Rechnen auch Medienkompetenz in die Messung aufzunehmen? Die Welt hat sich stark ver\u00e4ndert, wer heute bestehen will, braucht weitere Kompetenzen, der Umgang mit Computern geh\u00f6rt dazu, vielleicht auch das Sich-Bewegen in sozialen Netzwerken.Die oberfl\u00e4chliche Kritik am Einsatz von ICT im Unterricht geht ganz einfach von einem traditionellen Verst\u00e4ndnis von Bildung aus und bem\u00e4ngelt, dass die Informationstechnologien keinen oder nur einen sehr geringen Beitrag zu dieser Bildung leisten k\u00f6nnen.<\/p>\n<p align=\"left\">Der NZZ-Artikel ist mit meinem Kommentar auch <a href=\"http:\/\/www.nzz.ch\/nachrichten\/schweiz\/aktuell\/virtuelle_erwartungen_auf_dem_pruefstand_1.580179.html\" target=\"_blank\">hier<\/a> zu finden.<\/p>\n<p><!--more--><\/p>\n<p>Nachtrag vom 21.11.07:<\/p>\n<p align=\"baseline\">Gestern ist der Leserbrief in der NZZ erschienen. Der Beitrag ist <a href=\"http:\/\/irchel.net\/2007\/11\/20\/br\/articleFP24T.html\" target=\"_blank\">hier<\/a> zu finden.<\/p>\n<p><img decoding=\"async\" src=\"http:\/\/blog.kurtjakob.ch\/uploads\/InternetundComputeranSchuleneineAntworta_240\/NZZ01.png\" alt=\"\" \/><\/p>\n<p>&nbsp;<\/p>\n","protected":false},"excerpt":{"rendered":"<p>In regelm\u00e4ssigen Abst\u00e4nden erscheinen in der Presse kritische Beitr\u00e4ge zum Einsatz von ICT im Unterricht. Ausgel\u00f6st durch den Beitrag in der New York Times am 4.5.07, erschien zuerst im Spiegel ein l\u00e4ngerer kritischer Beitrag zum Computereinsatz in Schulstunden, dann auch in der Schweizer Sonntagspresse. Nachdem Milliarden in die Technisierung der Schulh\u00e4user investiert worden ist, sei [&hellip;]<\/p>\n","protected":false},"author":4,"featured_media":0,"comment_status":"open","ping_status":"open","sticky":false,"template":"","format":"standard","meta":{"footnotes":""},"categories":[1],"tags":[67,20,40],"class_list":["post-170","post","type-post","status-publish","format-standard","hentry","category-uncategorized","tag-ict-im-unterricht","tag-laptop-fur-jeden-schuler","tag-schule"],"_links":{"self":[{"href":"https:\/\/kurtjakob.ch\/index.php?rest_route=\/wp\/v2\/posts\/170","targetHints":{"allow":["GET"]}}],"collection":[{"href":"https:\/\/kurtjakob.ch\/index.php?rest_route=\/wp\/v2\/posts"}],"about":[{"href":"https:\/\/kurtjakob.ch\/index.php?rest_route=\/wp\/v2\/types\/post"}],"author":[{"embeddable":true,"href":"https:\/\/kurtjakob.ch\/index.php?rest_route=\/wp\/v2\/users\/4"}],"replies":[{"embeddable":true,"href":"https:\/\/kurtjakob.ch\/index.php?rest_route=%2Fwp%2Fv2%2Fcomments&post=170"}],"version-history":[{"count":0,"href":"https:\/\/kurtjakob.ch\/index.php?rest_route=\/wp\/v2\/posts\/170\/revisions"}],"wp:attachment":[{"href":"https:\/\/kurtjakob.ch\/index.php?rest_route=%2Fwp%2Fv2%2Fmedia&parent=170"}],"wp:term":[{"taxonomy":"category","embeddable":true,"href":"https:\/\/kurtjakob.ch\/index.php?rest_route=%2Fwp%2Fv2%2Fcategories&post=170"},{"taxonomy":"post_tag","embeddable":true,"href":"https:\/\/kurtjakob.ch\/index.php?rest_route=%2Fwp%2Fv2%2Ftags&post=170"}],"curies":[{"name":"wp","href":"https:\/\/api.w.org\/{rel}","templated":true}]}}