{"id":165,"date":"2007-11-02T22:37:14","date_gmt":"2007-11-02T22:37:14","guid":{"rendered":"http:\/\/wp.kurtjakob.ch\/?p=165"},"modified":"2007-11-02T22:37:14","modified_gmt":"2007-11-02T22:37:14","slug":"elektronische-gera%c2%a4te-in-einer-schulklasse","status":"publish","type":"post","link":"https:\/\/kurtjakob.ch\/?p=165","title":{"rendered":"Elektronische Ger\u00e4te in einer Schulklasse"},"content":{"rendered":"<p align=\"left\">Diese Woche w\u00e4hrend einer Pause habe ich die Sch\u00fclerinnen und Sch\u00fcler mit ihren iPods und Handys beobachtet. Ich habe sie daraufhin gebeten, ihre elektronischen Ger\u00e4te auf ein Pult zu legen. Hier die Aufnahme. Die Ger\u00e4te stammen von einer Klasse im 10. Schuljahr aus dem Wirtschaftsprofil der Kanti Solothurn.<\/p>\n<p><a href=\"http:\/\/blog.kurtjakob.ch\/uploads\/ElektronischeGerteineinerSchulklasse_14C03\/electronics.png\" atomicselection=\"true\"><img loading=\"lazy\" decoding=\"async\" width=\"346\" height=\"196\" border=\"0\" style=\"border: 0px none ;\" alt=\"electronics\" src=\"http:\/\/blog.kurtjakob.ch\/uploads\/ElektronischeGerteineinerSchulklasse_14C03\/electronics_thumb.png\" \/><\/a><\/p>\n<p><\/p>\n","protected":false},"excerpt":{"rendered":"<p>Diese Woche w\u00e4hrend einer Pause habe ich die Sch\u00fclerinnen und Sch\u00fcler mit ihren iPods und Handys beobachtet. Ich habe sie daraufhin gebeten, ihre elektronischen Ger\u00e4te auf ein Pult zu legen. Hier die Aufnahme. Die Ger\u00e4te stammen von einer Klasse im 10. Schuljahr aus dem Wirtschaftsprofil der Kanti Solothurn.<\/p>\n","protected":false},"author":4,"featured_media":0,"comment_status":"open","ping_status":"open","sticky":false,"template":"","format":"standard","meta":{"footnotes":""},"categories":[1],"tags":[85,75,35,56,4],"class_list":["post-165","post","type-post","status-publish","format-standard","hentry","category-uncategorized","tag-digital-natives","tag-digitale-welt","tag-jugend","tag-kanti-solothurn","tag-schulischer-alltag"],"_links":{"self":[{"href":"https:\/\/kurtjakob.ch\/index.php?rest_route=\/wp\/v2\/posts\/165","targetHints":{"allow":["GET"]}}],"collection":[{"href":"https:\/\/kurtjakob.ch\/index.php?rest_route=\/wp\/v2\/posts"}],"about":[{"href":"https:\/\/kurtjakob.ch\/index.php?rest_route=\/wp\/v2\/types\/post"}],"author":[{"embeddable":true,"href":"https:\/\/kurtjakob.ch\/index.php?rest_route=\/wp\/v2\/users\/4"}],"replies":[{"embeddable":true,"href":"https:\/\/kurtjakob.ch\/index.php?rest_route=%2Fwp%2Fv2%2Fcomments&post=165"}],"version-history":[{"count":0,"href":"https:\/\/kurtjakob.ch\/index.php?rest_route=\/wp\/v2\/posts\/165\/revisions"}],"wp:attachment":[{"href":"https:\/\/kurtjakob.ch\/index.php?rest_route=%2Fwp%2Fv2%2Fmedia&parent=165"}],"wp:term":[{"taxonomy":"category","embeddable":true,"href":"https:\/\/kurtjakob.ch\/index.php?rest_route=%2Fwp%2Fv2%2Fcategories&post=165"},{"taxonomy":"post_tag","embeddable":true,"href":"https:\/\/kurtjakob.ch\/index.php?rest_route=%2Fwp%2Fv2%2Ftags&post=165"}],"curies":[{"name":"wp","href":"https:\/\/api.w.org\/{rel}","templated":true}]}}