{"id":164,"date":"2007-11-02T21:14:55","date_gmt":"2007-11-02T21:14:55","guid":{"rendered":"http:\/\/wp.kurtjakob.ch\/?p=164"},"modified":"2007-11-02T21:14:55","modified_gmt":"2007-11-02T21:14:55","slug":"ict-im-unterricht-a%c2%bcberfordern-wir-die-lehrkra%c2%a4fte","status":"publish","type":"post","link":"https:\/\/kurtjakob.ch\/?p=164","title":{"rendered":"ICT im Unterricht &#8211; \u00fcberfordern wir die Lehrkr\u00e4fte?"},"content":{"rendered":"<p align=\"left\">Letzten Samstag war ich an der Tagung <a target=\"_blank\" href=\"http:\/\/unm.phzh.ch\/index.html\">UNM<\/a> (Unterricht mit neuen Medien) an der PH in Z\u00fcrich. Einer der Hauptreferenten, Thomas Merz von der P\u00e4dagogischen Fachhochschule Z\u00fcrich, sprach zum folgenden <a target=\"_blank\" href=\"http:\/\/unm.phzh.ch\/Programm07.html\">Thema<\/a>: &quot;Die Schule bewegt sich \u2013 aber reicht das Tempo?&quot; Er meinte, dass das Tempo bei der Einf\u00fchrung der neuen Medien in den Unterricht nicht ausreiche. Man habe zwar viel getan, aber das reiche noch nicht. Er w\u00fcnschte sich, dass der Unterricht mit neuen Medien viel schneller in die Schulzimmer kommen m\u00fcsse. Andere Redner unterst\u00fctzten dies. Von den Politikern verlangte er, dass sie Verbindlichkeiten in die Lehrpl\u00e4ne bringen m\u00fcssten, dass sie aber auch Geld daf\u00fcr einplanen m\u00fcssten.<\/p>\n<p align=\"left\">Wieder zu Hause im eigenen Schulhaus: heute wurde ich mit der Aussage konfrontiert, dass wir mit unserem Tempo im Bereich ICT die Lehrer \u00fcberfordern w\u00fcrden. Unser Tempo: die Schulzimmer werden mit Beamern ausgestattet, wir verf\u00fcgen \u00fcber ein digitales Informationssystem f\u00fcr die Lehrerschaft, die Noteneingabe funktioniert digital, schliesslich haben wir vier Computerr\u00e4ume mit insgesamt ca. 70 Arbeitspl\u00e4tzen &#8211; f\u00fcr 1500 Sch\u00fclerinnen und Sch\u00fcler. Wir haben Einf\u00fchrungskurse in Powerpoint, Word, Excel, Educanet2, WIKI und Podcasts f\u00fcr Lehrkr\u00e4fte angeboten.<\/p>\n<p align=\"left\">\u00dcberfodert dies einen Mittelschullehrer?\u00a0Wir befinden uns nicht mehr in der <a target=\"_blank\" href=\"http:\/\/blog.kurtjakob.ch\/index.php?\/archives\/158-Komplexitaet-der-modernen-Welt.html\">Karmann-Zeit<\/a>,\u00a0unser Standard heute sind die komplizierten\u00a0technisch hochger\u00fcsteten Corsas. Wenn wir da noch mithalten wollen, dann m\u00fcssen wir wohl oder \u00fcbel uns mit diesen Neuerungen auseinander setzen. Es gibt kein Anhalten, Verschnaufen mehr. Die Digitalisierungswelle reisst alles mit.<\/p>\n<p align=\"left\">Reicht das Tempo, mit dem ICT\u00a0in unsere Schulzimmer kommt? Nein, es reicht nicht. Wenn wir medienkompetente\u00a0Maturandinnen und Maturanden wollen, dann m\u00fcssen wir gewaltig Tempo zulegen.\u00a0In einem Diskussionsbeitrag im <a target=\"_blank\" href=\"http:\/\/www.prowiki2.org\/glarnerschulen\/wiki.cgi?DiskussionIntegration\">WIKI der Glarner-Schulen<\/a> habe ich folgenden Diskussionsbeitrag gefunden, der vor vier Jahren geschrieben worden ist:<\/p>\n<blockquote>\n<p align=\"left\">\u00a0&#8230;..Beobachte ich Kinder am Computer, so f\u00e4llt mir auf mit welcher Selbstverst\u00e4ndlichkeit die meisten, ohne Schwellenangst, ein neues Programm erkunden. Gameboys und andere elektronische Spiele erleichtern ihnen den Einstieg in die Computerwelt. Ich glaube auch, dass es an uns Erwachsenen liegt, dass die Integration dieses Mediums nur stockend voran kommt. Vielleicht sollten wir mehr Mut haben, die Jungendlichen einfach machen zu lassen und von ihrem Wissen zu profitieren.<\/p>\n<p align=\"left\">Beitrag vom 1. September 2003<\/p>\n<\/blockquote>\n","protected":false},"excerpt":{"rendered":"<p>Letzten Samstag war ich an der Tagung UNM (Unterricht mit neuen Medien) an der PH in Z\u00fcrich. Einer der Hauptreferenten, Thomas Merz von der P\u00e4dagogischen Fachhochschule Z\u00fcrich, sprach zum folgenden Thema: &quot;Die Schule bewegt sich \u2013 aber reicht das Tempo?&quot; Er meinte, dass das Tempo bei der Einf\u00fchrung der neuen Medien in den Unterricht nicht [&hellip;]<\/p>\n","protected":false},"author":4,"featured_media":0,"comment_status":"open","ping_status":"open","sticky":false,"template":"","format":"standard","meta":{"footnotes":""},"categories":[1],"tags":[67,28,40],"class_list":["post-164","post","type-post","status-publish","format-standard","hentry","category-uncategorized","tag-ict-im-unterricht","tag-lehrer","tag-schule"],"_links":{"self":[{"href":"https:\/\/kurtjakob.ch\/index.php?rest_route=\/wp\/v2\/posts\/164","targetHints":{"allow":["GET"]}}],"collection":[{"href":"https:\/\/kurtjakob.ch\/index.php?rest_route=\/wp\/v2\/posts"}],"about":[{"href":"https:\/\/kurtjakob.ch\/index.php?rest_route=\/wp\/v2\/types\/post"}],"author":[{"embeddable":true,"href":"https:\/\/kurtjakob.ch\/index.php?rest_route=\/wp\/v2\/users\/4"}],"replies":[{"embeddable":true,"href":"https:\/\/kurtjakob.ch\/index.php?rest_route=%2Fwp%2Fv2%2Fcomments&post=164"}],"version-history":[{"count":0,"href":"https:\/\/kurtjakob.ch\/index.php?rest_route=\/wp\/v2\/posts\/164\/revisions"}],"wp:attachment":[{"href":"https:\/\/kurtjakob.ch\/index.php?rest_route=%2Fwp%2Fv2%2Fmedia&parent=164"}],"wp:term":[{"taxonomy":"category","embeddable":true,"href":"https:\/\/kurtjakob.ch\/index.php?rest_route=%2Fwp%2Fv2%2Fcategories&post=164"},{"taxonomy":"post_tag","embeddable":true,"href":"https:\/\/kurtjakob.ch\/index.php?rest_route=%2Fwp%2Fv2%2Ftags&post=164"}],"curies":[{"name":"wp","href":"https:\/\/api.w.org\/{rel}","templated":true}]}}