{"id":163,"date":"2007-10-29T15:00:09","date_gmt":"2007-10-29T15:00:09","guid":{"rendered":"http:\/\/wp.kurtjakob.ch\/?p=163"},"modified":"2007-10-29T15:00:09","modified_gmt":"2007-10-29T15:00:09","slug":"iliad-er-0100-ein-neues-lesegera%c2%a4t-fa%c2%bcr-ebooks","status":"publish","type":"post","link":"https:\/\/kurtjakob.ch\/?p=163","title":{"rendered":"iLiad ER 0100 &#8211; ein neues Leseger\u00e4t f\u00fcr Ebooks"},"content":{"rendered":"<p align=\"left\">Wie man einer nicht mehr ganz neuen <a target=\"_blank\" href=\"http:\/\/prcenter.de\/Libri-de-eBook-Engagement-geht-in-die-zweite-Runde.7546.html\">Pressemitteilung<\/a> entnehmen kann, wurde zum Start der Frankfurter Buchmesse von <a target=\"_blank\" href=\"http:\/\/www.libri.de\/iLiad\">libri.de<\/a> ein neues Ebook-Leseger\u00e4t vorgestellt. Man bietet es f\u00fcr 649 EUR an, darin enthalten sind 100 EUR Gutschrift f\u00fcr Ebooks.<\/p>\n<blockquote>\n<p align=\"left\">Das Leseger\u00e4t ist taschenbuchgro\u00df und 1,5 cm dick. Es stellt schwarz-wei\u00df Text gestochen scharf dar und bietet seinen Nutzern einen ganz neuen Lesekomfort.<\/p>\n<\/blockquote>\n<p align=\"left\">So lautet der Werbetext. Auf dem dazugeh\u00f6renden Foto sind zwei junge Damen zu sehen. Die eine sitzt eigentlich vor ihrem Laptop, beugt sich jetzt aber zu der Nachbarin, die vor einem solchen iLiad-Ger\u00e4t sitzt.<\/p>\n<\/p>\n<\/p>\n<p align=\"left\"><img loading=\"lazy\" decoding=\"async\" width=\"185\" height=\"123\" border=\"0\" src=\"http:\/\/blog.kurtjakob.ch\/uploads\/iLiadER0100einneuesLesegeraetfuerEbooks_E090\/iLiad_picture_set_GJ_08.klein_0_thumb_3.jpg\" alt=\"iLiad_picture_set_GJ_08.klein_0\" style=\"border-width: 0px;\" \/>  <a atomicselection=\"true\" href=\"http:\/\/blog.kurtjakob.ch\/uploads\/iLiadER0100einneuesLesegeraetfuerEbooks_E090\/iLiad_picture_set_GJ_16.klein_0_3.jpg\"><img loading=\"lazy\" decoding=\"async\" width=\"162\" height=\"115\" border=\"0\" src=\"http:\/\/blog.kurtjakob.ch\/uploads\/iLiadER0100einneuesLesegeraetfuerEbooks_E090\/iLiad_picture_set_GJ_16.klein_0_thumb_3.jpg\" alt=\"iLiad_picture_set_GJ_16.klein_0\" style=\"border-width: 0px;\" \/><\/a> <\/p>\n<p align=\"left\">Hinten sitzen Jungs vor dem Laptop. Die Botschaft soll ankommen: die Jungs gamen auf dem Laptop, die M\u00e4dchen lesen auf einem iLiad.<\/p>\n<p align=\"left\">\n<p align=\"left\">\n<p align=\"left\">Aber das alles kennen wir doch schon. Vor einigen Jahren habe ich in meiner damaligen Euphorie ein <a target=\"_blank\" href=\"http:\/\/www.atpm.com\/6.05\/rocketebook.shtml\">Rocket Ebook<\/a> gekauft. Der Preis war etwas g\u00fcnstiger als dieses neue Ger\u00e4t. Ich habe Ebooks gekauft, die sich dann nur auf diesem Ger\u00e4t lesen liessen. Einige Zeit sp\u00e4ter verkaufte die Firma ihr Produkt an eine gr\u00f6ssere Firma, diese gab das Produkt knapp ein Jahr sp\u00e4ter auf. Ein Jahr Garantie, dann war der Support zu Ende. Die Foren, in denen sich die stolzen Besitzer des RocketEbooks trafen, wurden leerer und leerer, schliesslich sind sie ganz verschwunden. Nun habe ich noch einige gekaufte und kopiergesch\u00fctzte B\u00fccher, die ich so lange noch lesen kann, wie mein Leseger\u00e4t funktioniert.<\/p>\n<p align=\"left\"><img loading=\"lazy\" decoding=\"async\" width=\"167\" height=\"187\" border=\"0\" src=\"http:\/\/blog.kurtjakob.ch\/uploads\/iLiadER0100einneuesLesegeraetfuerEbooks_E090\/rocketebook_thumb.jpg\" alt=\"rocketebook\" style=\"border: 0px none ;\" \/> <\/p>\n<p align=\"left\">Dieses neue Produkt wird sich ebenfalls schwerlich durchsetzen. Zum einen steht und f\u00e4llt alles mit der Auswahl an Ebooks, die f\u00fcr dieses Ger\u00e4t zur Verf\u00fcgung gestellt werden. Schaut man sich beim Anbieter dieses iLiad mach Lesefutter um, dann stellt man ern\u00fcchternd fest, dass die \u00fcblichen alten Bestseller zum Kauf angeboten werden, selbstverst\u00e4nlich kann der neue Harry Potter nur in Buchform bestellt werden. Wenn aber die neusten Bestseller nicht erh\u00e4ltlich sind, dann wird es schwer.<\/p>\n<p align=\"left\">Schliesslich muss das Verschl\u00fcsselungsverfahren einfach sein f\u00fcr den Kunden. Es sollte doch m\u00f6glilch sein, dass ich ein Ebook auf verschiedenen Ger\u00e4ten lesen kann, wenn das Buch nun wieder ger\u00e4tegebunden ist, wie dies schon beim RocketEbook gewesen ist, dann riskiere ich als Kunde, dass ich meine B\u00fccher genau so lang lesen kann, wie es die Firma noch gibt. Der Preis der B\u00fccher ist aber identisch mit dem Preis der gedruckten B\u00fccher, also m\u00fcsste ich eine l\u00e4ngere Haltbarkeit dieser Inhalt erwarten.<\/p>\n<p align=\"left\">Apple hat dem iPod vorgemacht, wie ein gutes Konzept f\u00fcr digitale Inhalte aussieht. Es m\u00fcsste doch m\u00f6glich sein, auch digitale B\u00fccher auf diese Art zu vermarkten. Die Verlage tun sich aber offenbar schwer mit der Freigabe von digitalen B\u00fcchern. Bestseller wie die Harry Potter-B\u00fccher sind allerdings jeweils schon kurz nach ihrem Erscheinen als illegale pdf-Dateien im Netz erh\u00e4ltlich. Es gibt offenbar Leute, die diese B\u00fccher in k\u00fcrzester Zeit digitalisieren. Die Verlage w\u00fcrden sicher mittel- und langfristig ein besseres Gesch\u00e4ft machen, wenn sie neue brauchbare Konzepte f\u00fcr digitale B\u00fccher erarbeiten w\u00fcrden.<\/p>\n<p><\/p>\n","protected":false},"excerpt":{"rendered":"<p>Wie man einer nicht mehr ganz neuen Pressemitteilung entnehmen kann, wurde zum Start der Frankfurter Buchmesse von libri.de ein neues Ebook-Leseger\u00e4t vorgestellt. Man bietet es f\u00fcr 649 EUR an, darin enthalten sind 100 EUR Gutschrift f\u00fcr Ebooks. Das Leseger\u00e4t ist taschenbuchgro\u00df und 1,5 cm dick. Es stellt schwarz-wei\u00df Text gestochen scharf dar und bietet seinen [&hellip;]<\/p>\n","protected":false},"author":3,"featured_media":0,"comment_status":"open","ping_status":"open","sticky":false,"template":"","format":"standard","meta":{"footnotes":""},"categories":[1],"tags":[44,27,74],"class_list":["post-163","post","type-post","status-publish","format-standard","hentry","category-uncategorized","tag-drm","tag-ebook","tag-ipod"],"_links":{"self":[{"href":"https:\/\/kurtjakob.ch\/index.php?rest_route=\/wp\/v2\/posts\/163","targetHints":{"allow":["GET"]}}],"collection":[{"href":"https:\/\/kurtjakob.ch\/index.php?rest_route=\/wp\/v2\/posts"}],"about":[{"href":"https:\/\/kurtjakob.ch\/index.php?rest_route=\/wp\/v2\/types\/post"}],"author":[{"embeddable":true,"href":"https:\/\/kurtjakob.ch\/index.php?rest_route=\/wp\/v2\/users\/3"}],"replies":[{"embeddable":true,"href":"https:\/\/kurtjakob.ch\/index.php?rest_route=%2Fwp%2Fv2%2Fcomments&post=163"}],"version-history":[{"count":0,"href":"https:\/\/kurtjakob.ch\/index.php?rest_route=\/wp\/v2\/posts\/163\/revisions"}],"wp:attachment":[{"href":"https:\/\/kurtjakob.ch\/index.php?rest_route=%2Fwp%2Fv2%2Fmedia&parent=163"}],"wp:term":[{"taxonomy":"category","embeddable":true,"href":"https:\/\/kurtjakob.ch\/index.php?rest_route=%2Fwp%2Fv2%2Fcategories&post=163"},{"taxonomy":"post_tag","embeddable":true,"href":"https:\/\/kurtjakob.ch\/index.php?rest_route=%2Fwp%2Fv2%2Ftags&post=163"}],"curies":[{"name":"wp","href":"https:\/\/api.w.org\/{rel}","templated":true}]}}