{"id":161,"date":"2007-09-29T17:54:38","date_gmt":"2007-09-29T17:54:38","guid":{"rendered":"http:\/\/wp.kurtjakob.ch\/?p=161"},"modified":"2007-09-29T17:54:38","modified_gmt":"2007-09-29T17:54:38","slug":"adobe-digital-editions-2","status":"publish","type":"post","link":"https:\/\/kurtjakob.ch\/?p=161","title":{"rendered":"Adobe Digital Editions"},"content":{"rendered":"<p align=\"left\">Man stelle sich folgende Situation vor: man geht eines Morgens zum B\u00fcchergestell, holt sich ein Buch heraus, das man vor l\u00e4ngerer Zeit gelsen hat. Man hat das Buch damals annotiert, man hat einige Buchzeichen hineingelegt und sich viele Kommenatare direkt in das Buch gelegt. Man nimmt also dieses Buch, zuerst sieht man einmal gar nichts, man hat die falsche DRM-Brille erwischt. Man kann n\u00e4mlich jedes Buch mit maximal 7 Brillen lesen. Man findet also eine der Brillen, f\u00fcr die man eine Leselizenz hat. Man erkennt nun also den Text, aber die Kommentare und Buchzeichen sind alle weg. Einfach verschwunden.<\/p>\n<p><a href=\"http:\/\/www.adobe.com\/products\/digitaleditions\/\" target=\"_blank\"><img loading=\"lazy\" decoding=\"async\" width=\"244\" height=\"146\" border=\"0\" id=\"id\" style=\"border-width: 0px;\" alt=\"digital editions\" src=\"http:\/\/blog.kurtjakob.ch\/uploads\/AdobeDigitalEditions_F4D9\/digitaleditions_thumb.png\" \/><\/a> <\/p>\n<p align=\"left\">So geschehen mit Adobe digital editions &#8211; ich habe das Programm <a href=\"http:\/\/blog.kurtjakob.ch\/index.php?\/archives\/90-Adobe-Digital-Editions.html\" target=\"_blank\">hier<\/a> schon einmal vorgestellt, dem DRM-Programm zur Version 8.0 von Acrobat. Da kann die sch\u00f6ne Oberfl\u00e4che nicht dar\u00fcber hinwegt\u00e4uschen, dass man mit einer solchen DRM-Verschl\u00fcsselung dem Hersteller auf Gedeih und Verderben ausgeliefert ist. Alle meine Kommentare und Annotationen, die ich mit dem Acrobat Readers 7.0 gemacht habe, sind einfach weg. Immerhin sieht man noch ein kleines Symbol dort, wo ich einen Kommentar oder eine Markierung ins Buch eingef\u00fcgt habe. Die Kommentare aber, und vor allem ach alles Markierte ist einfach weg. Und das in B\u00fcchern, die man f\u00fcr teures Geld erworben hat!<\/p>\n<p align=\"left\">Mich erstaunt es \u00fcberhaupt nicht, dass die digitalen B\u00fccher den Durchbruch einfach nicht schaffen wollen. Mit solchen Sicherheitsbestimmungen ver\u00e4rgert man jeden Kunden. Wenn ich schon f\u00fcr das digitale Buch den gleichen Preis bezahle wie f\u00fcr die Druckversion, so m\u00f6chte ich doch auch den gleichen Komfort haben.<\/p>\n<p><\/p>\n","protected":false},"excerpt":{"rendered":"<p>Man stelle sich folgende Situation vor: man geht eines Morgens zum B\u00fcchergestell, holt sich ein Buch heraus, das man vor l\u00e4ngerer Zeit gelsen hat. Man hat das Buch damals annotiert, man hat einige Buchzeichen hineingelegt und sich viele Kommenatare direkt in das Buch gelegt. Man nimmt also dieses Buch, zuerst sieht man einmal gar nichts, [&hellip;]<\/p>\n","protected":false},"author":4,"featured_media":0,"comment_status":"open","ping_status":"open","sticky":false,"template":"","format":"standard","meta":{"footnotes":""},"categories":[1],"tags":[44,27,15],"class_list":["post-161","post","type-post","status-publish","format-standard","hentry","category-uncategorized","tag-drm","tag-ebook","tag-software"],"_links":{"self":[{"href":"https:\/\/kurtjakob.ch\/index.php?rest_route=\/wp\/v2\/posts\/161","targetHints":{"allow":["GET"]}}],"collection":[{"href":"https:\/\/kurtjakob.ch\/index.php?rest_route=\/wp\/v2\/posts"}],"about":[{"href":"https:\/\/kurtjakob.ch\/index.php?rest_route=\/wp\/v2\/types\/post"}],"author":[{"embeddable":true,"href":"https:\/\/kurtjakob.ch\/index.php?rest_route=\/wp\/v2\/users\/4"}],"replies":[{"embeddable":true,"href":"https:\/\/kurtjakob.ch\/index.php?rest_route=%2Fwp%2Fv2%2Fcomments&post=161"}],"version-history":[{"count":0,"href":"https:\/\/kurtjakob.ch\/index.php?rest_route=\/wp\/v2\/posts\/161\/revisions"}],"wp:attachment":[{"href":"https:\/\/kurtjakob.ch\/index.php?rest_route=%2Fwp%2Fv2%2Fmedia&parent=161"}],"wp:term":[{"taxonomy":"category","embeddable":true,"href":"https:\/\/kurtjakob.ch\/index.php?rest_route=%2Fwp%2Fv2%2Fcategories&post=161"},{"taxonomy":"post_tag","embeddable":true,"href":"https:\/\/kurtjakob.ch\/index.php?rest_route=%2Fwp%2Fv2%2Ftags&post=161"}],"curies":[{"name":"wp","href":"https:\/\/api.w.org\/{rel}","templated":true}]}}