{"id":159,"date":"2007-09-26T20:44:00","date_gmt":"2007-09-26T20:44:00","guid":{"rendered":"http:\/\/wp.kurtjakob.ch\/?p=159"},"modified":"2007-09-26T20:44:00","modified_gmt":"2007-09-26T20:44:00","slug":"gedichtanalysen-pra%c2%a4sentieren","status":"publish","type":"post","link":"https:\/\/kurtjakob.ch\/?p=159","title":{"rendered":"Gedichtanalysen pr\u00e4sentieren"},"content":{"rendered":"<p align=\"left\">In einem Projekt, das ich vor der Spezialwoche durchgef\u00fchrt habe, mussten die Sch\u00fclerinnen und Sch\u00fcler Gedichte nach einem vorgegebenen Muster analysieren. Anschliessend pr\u00e4sentierten sie die Analyseergebnisse mit dem Tablet PC auf einer vorbereiteten Powerpoint-Folie.<\/p>\n<p><img decoding=\"async\" border=\"0\" id=\"id\" style=\"border-width: 0px; width: 245px; height: 383px;\" alt=\"P1040187k\" src=\"http:\/\/blog.kurtjakob.ch\/uploads\/Gedichtanalysenprsentieren_F0B0\/P1040187k_thumb.jpg\" \/><\/p>\n<p> <img decoding=\"async\" border=\"0\" id=\"id\" style=\"border-width: 0px; width: 243px; height: 171px;\" alt=\"P1040189k\" src=\"http:\/\/blog.kurtjakob.ch\/uploads\/Gedichtanalysenprsentieren_F0B0\/P1040189k_thumb.jpg\" \/> <\/p>\n<p align=\"left\">Diese Bilder zeigen die Pr\u00e4sentation einer Gruppe zum Gedicht &quot;Morgenlied&quot; von Ludwig Uhland. Das zweite Bild zeigt, wie konzentriert der Sch\u00fcler die Annotationen auf der Folie vollzieht.<\/p>\n<p><img loading=\"lazy\" decoding=\"async\" width=\"146\" height=\"202\" border=\"0\" id=\"id\" style=\"border-width: 0px;\" alt=\"P1040190k\" src=\"http:\/\/blog.kurtjakob.ch\/uploads\/Gedichtanalysenprsentieren_F0B0\/P1040190k_thumb.jpg\" \/> <img loading=\"lazy\" decoding=\"async\" width=\"267\" height=\"201\" border=\"0\" id=\"id\" style=\"border-width: 0px;\" alt=\"Morgenlied\" src=\"http:\/\/blog.kurtjakob.ch\/uploads\/Gedichtanalysenprsentieren_F0B0\/Morgenlied_thumb.png\" \/> <\/p>\n<p align=\"left\">Das linke Bild zeigt, dass die Gruppe zus\u00e4tzlich zur Powerpoint-Pr\u00e4sentation auch noch die traditionelle Wandtafel ben\u00fctzt hat. Dies ergab einen ganz speziellen Effekt. Das rechte Bild zeigt die fertige Folie.<\/p>\n<p align=\"left\">Zum Abschluss wurde das Gedicht auch noch vorgetragen. Ich machte eine Aufnahme mit dem ipod, die Datei habe ich anschliessend mit dem Programm <a target=\"_blank\" href=\"http:\/\/audacity.sourceforge.net\/\">Audacity<\/a> bearbeitet. Hier\u00a0 <a href=\"\/uploads\/Audio\/20070918_110410-2-1.mp3\">Hier<\/a> kann man den Vortrag anh\u00f6ren.<\/p>\n","protected":false},"excerpt":{"rendered":"<p>In einem Projekt, das ich vor der Spezialwoche durchgef\u00fchrt habe, mussten die Sch\u00fclerinnen und Sch\u00fcler Gedichte nach einem vorgegebenen Muster analysieren. Anschliessend pr\u00e4sentierten sie die Analyseergebnisse mit dem Tablet PC auf einer vorbereiteten Powerpoint-Folie. Diese Bilder zeigen die Pr\u00e4sentation einer Gruppe zum Gedicht &quot;Morgenlied&quot; von Ludwig Uhland. Das zweite Bild zeigt, wie konzentriert der Sch\u00fcler [&hellip;]<\/p>\n","protected":false},"author":4,"featured_media":0,"comment_status":"open","ping_status":"open","sticky":false,"template":"","format":"standard","meta":{"footnotes":""},"categories":[1],"tags":[67,33,83,21,12],"class_list":["post-159","post","type-post","status-publish","format-standard","hentry","category-uncategorized","tag-ict-im-unterricht","tag-12-medien","tag-podcast","tag-tablet-pc","tag-unterrichtsidee"],"_links":{"self":[{"href":"https:\/\/kurtjakob.ch\/index.php?rest_route=\/wp\/v2\/posts\/159","targetHints":{"allow":["GET"]}}],"collection":[{"href":"https:\/\/kurtjakob.ch\/index.php?rest_route=\/wp\/v2\/posts"}],"about":[{"href":"https:\/\/kurtjakob.ch\/index.php?rest_route=\/wp\/v2\/types\/post"}],"author":[{"embeddable":true,"href":"https:\/\/kurtjakob.ch\/index.php?rest_route=\/wp\/v2\/users\/4"}],"replies":[{"embeddable":true,"href":"https:\/\/kurtjakob.ch\/index.php?rest_route=%2Fwp%2Fv2%2Fcomments&post=159"}],"version-history":[{"count":0,"href":"https:\/\/kurtjakob.ch\/index.php?rest_route=\/wp\/v2\/posts\/159\/revisions"}],"wp:attachment":[{"href":"https:\/\/kurtjakob.ch\/index.php?rest_route=%2Fwp%2Fv2%2Fmedia&parent=159"}],"wp:term":[{"taxonomy":"category","embeddable":true,"href":"https:\/\/kurtjakob.ch\/index.php?rest_route=%2Fwp%2Fv2%2Fcategories&post=159"},{"taxonomy":"post_tag","embeddable":true,"href":"https:\/\/kurtjakob.ch\/index.php?rest_route=%2Fwp%2Fv2%2Ftags&post=159"}],"curies":[{"name":"wp","href":"https:\/\/api.w.org\/{rel}","templated":true}]}}