{"id":1584,"date":"2013-05-04T09:20:46","date_gmt":"2013-05-04T07:20:46","guid":{"rendered":"http:\/\/blog.kurtjakob.ch\/?p=1584"},"modified":"2021-05-10T20:31:09","modified_gmt":"2021-05-10T20:31:09","slug":"ebook-preise-vergleichen-schon-bald-offiziell-auf-billigbuch","status":"publish","type":"post","link":"https:\/\/kurtjakob.ch\/?p=1584","title":{"rendered":"Ebook-Preise vergleichen schon bald offiziell auf billigbuch"},"content":{"rendered":"<div class=\"PublishedByWebStory-[6]1_30A21927261245CE8E13D376D708E9D2_49E9498206E44D71A6C0041EAF8E8CF8\">\n<p>Wie mir der Betreiber der Seite <a href=\"http:\/\/www.billigbuch.ch\/\" target=\"_blank\" rel=\"noopener\">billigbuch.ch<\/a>, <a href=\"http:\/\/www.billigbuch.ch\/de\/index\/impressum\" target=\"_blank\" rel=\"noopener\">Alexander Schneebeli<\/a>,\u00a0eben mitgeteilt hat, wird dieser Service n\u00e4chstens kommen. Es sei das n\u00e4chste Projekt und angesichts der Wichtigkeit sei es auch eine Notwendigkeit. Da sind wir aber wirklich gespannt. Allerdings werden die Preisunterschiede wohl kaum derart gross sein wie bei den Printausgaben.<\/p>\n<p>Es gibt \u00fcbrigens eine Webseite, auf der man jetzt schon die Preise von Ebooks vergleiche kann, n\u00e4mlich <a href=\"http:\/\/www.buchpreis24.ch\/\" target=\"_blank\" rel=\"noopener\">buchpreis24.ch<\/a>. Da diese Seite aber nur deutsche Anbieter vergleicht, ist sie f\u00fcr Schweizer v\u00f6llig uninteressant, denn in Deutschland gilt bekanntlich auch f\u00fcr Ebooks die Preisbindung, d.h. der Verlag setzt einheitliche Preise f\u00fcr Ebooks fest, diese\u00a0sind dann bei jedem Anbieter zum gleichen Preis verf\u00fcgbar.<\/p>\n<p><a href=\"http:\/\/www.buchpreis24.ch\/isbn\/9783446236929\" target=\"_blank\" rel=\"noopener\"><img loading=\"lazy\" decoding=\"async\" src=\"http:\/\/blog.kurtjakob.ch\/wp-content\/uploads\/2013\/05\/6B909A01E1430B2993EC229492005C1A0539EF9B.jpg\" width=\"760\" height=\"420\" border=\"0\" \/><\/a><\/p>\n<div class=\"PoweredByWebStory\" style=\"margin-top: 15px; margin-bottom: 10px;\">\u00a0Published by <a href=\"http:\/\/webstory.my\/cs_invite.php?u=9696\" target=\"_blank\" rel=\"noopener\">WebStory<\/a><\/div>\n<\/div>\n","protected":false},"excerpt":{"rendered":"<p>Wie mir der Betreiber der Seite billigbuch.ch, Alexander Schneebeli,\u00a0eben mitgeteilt hat, wird dieser Service n\u00e4chstens kommen. Es sei das n\u00e4chste Projekt und angesichts der Wichtigkeit sei es auch eine Notwendigkeit. Da sind wir aber wirklich gespannt. Allerdings werden die Preisunterschiede wohl kaum derart gross sein wie bei den Printausgaben. Es gibt \u00fcbrigens eine Webseite, auf [&hellip;]<\/p>\n","protected":false},"author":4,"featured_media":0,"comment_status":"open","ping_status":"open","sticky":false,"template":"","format":"standard","meta":{"footnotes":""},"categories":[191],"tags":[27],"class_list":["post-1584","post","type-post","status-publish","format-standard","hentry","category-ebooks","tag-ebook"],"_links":{"self":[{"href":"https:\/\/kurtjakob.ch\/index.php?rest_route=\/wp\/v2\/posts\/1584","targetHints":{"allow":["GET"]}}],"collection":[{"href":"https:\/\/kurtjakob.ch\/index.php?rest_route=\/wp\/v2\/posts"}],"about":[{"href":"https:\/\/kurtjakob.ch\/index.php?rest_route=\/wp\/v2\/types\/post"}],"author":[{"embeddable":true,"href":"https:\/\/kurtjakob.ch\/index.php?rest_route=\/wp\/v2\/users\/4"}],"replies":[{"embeddable":true,"href":"https:\/\/kurtjakob.ch\/index.php?rest_route=%2Fwp%2Fv2%2Fcomments&post=1584"}],"version-history":[{"count":2,"href":"https:\/\/kurtjakob.ch\/index.php?rest_route=\/wp\/v2\/posts\/1584\/revisions"}],"predecessor-version":[{"id":2952,"href":"https:\/\/kurtjakob.ch\/index.php?rest_route=\/wp\/v2\/posts\/1584\/revisions\/2952"}],"wp:attachment":[{"href":"https:\/\/kurtjakob.ch\/index.php?rest_route=%2Fwp%2Fv2%2Fmedia&parent=1584"}],"wp:term":[{"taxonomy":"category","embeddable":true,"href":"https:\/\/kurtjakob.ch\/index.php?rest_route=%2Fwp%2Fv2%2Fcategories&post=1584"},{"taxonomy":"post_tag","embeddable":true,"href":"https:\/\/kurtjakob.ch\/index.php?rest_route=%2Fwp%2Fv2%2Ftags&post=1584"}],"curies":[{"name":"wp","href":"https:\/\/api.w.org\/{rel}","templated":true}]}}