{"id":158,"date":"2007-09-25T13:46:47","date_gmt":"2007-09-25T13:46:47","guid":{"rendered":"http:\/\/wp.kurtjakob.ch\/?p=158"},"modified":"2007-09-25T13:46:47","modified_gmt":"2007-09-25T13:46:47","slug":"gefragte-computerra%c2%a4ume","status":"publish","type":"post","link":"https:\/\/kurtjakob.ch\/?p=158","title":{"rendered":"Gefragte Computerr\u00e4ume"},"content":{"rendered":"<p align=\"left\">W\u00e4hend den Spezialwochen sind die Computerr\u00e4ume sehr gefragt. Die Schulleitung musste kurzerhand die Vergabe dieser R\u00e4ume einschr\u00e4nken. Was tun unsere Sch\u00fcler dort? Gestern sah ich viele vor allem googlen. Die Recherche war offenbar angesagt. Heute Morgen wurde grossenteils auch recherchiert, eine Gruppe erstellte Powerpoint-Folien, eine andere verfasste Dokumente in einer Textverarbeitung.<\/p>\n<p><img decoding=\"async\" border=\"0\" style=\"border: 0px none ; width: 213px; height: 161px;\" alt=\"P1040278k\" src=\"http:\/\/blog.kurtjakob.ch\/uploads\/GefragteComputerrume_DD65\/P1040278k_thumb.jpg\" \/>  <img decoding=\"async\" border=\"0\" style=\"border: 0px none ; width: 206px; height: 161px;\" alt=\"P1040280k\" src=\"http:\/\/blog.kurtjakob.ch\/uploads\/GefragteComputerrume_DD65\/P1040280k_thumb.jpg\" \/><\/p>\n<\/p>\n<p align=\"left\">Heute Nachmittag dann g\u00e4hnende Leere in allen Computerr\u00e4umen.<\/p>\n<\/p>\n<p><img decoding=\"async\" border=\"0\" id=\"id\" style=\"border: 0px none ; width: 432px; height: 206px;\" alt=\"P1040282k\" src=\"http:\/\/blog.kurtjakob.ch\/uploads\/GefragteComputerrume_DD65\/P1040282k_thumb.jpg\" \/><\/p>\n","protected":false},"excerpt":{"rendered":"<p>W\u00e4hend den Spezialwochen sind die Computerr\u00e4ume sehr gefragt. Die Schulleitung musste kurzerhand die Vergabe dieser R\u00e4ume einschr\u00e4nken. Was tun unsere Sch\u00fcler dort? Gestern sah ich viele vor allem googlen. Die Recherche war offenbar angesagt. Heute Morgen wurde grossenteils auch recherchiert, eine Gruppe erstellte Powerpoint-Folien, eine andere verfasste Dokumente in einer Textverarbeitung. Heute Nachmittag dann g\u00e4hnende [&hellip;]<\/p>\n","protected":false},"author":4,"featured_media":0,"comment_status":"open","ping_status":"open","sticky":false,"template":"","format":"standard","meta":{"footnotes":""},"categories":[1],"tags":[56],"class_list":["post-158","post","type-post","status-publish","format-standard","hentry","category-uncategorized","tag-kanti-solothurn"],"_links":{"self":[{"href":"https:\/\/kurtjakob.ch\/index.php?rest_route=\/wp\/v2\/posts\/158","targetHints":{"allow":["GET"]}}],"collection":[{"href":"https:\/\/kurtjakob.ch\/index.php?rest_route=\/wp\/v2\/posts"}],"about":[{"href":"https:\/\/kurtjakob.ch\/index.php?rest_route=\/wp\/v2\/types\/post"}],"author":[{"embeddable":true,"href":"https:\/\/kurtjakob.ch\/index.php?rest_route=\/wp\/v2\/users\/4"}],"replies":[{"embeddable":true,"href":"https:\/\/kurtjakob.ch\/index.php?rest_route=%2Fwp%2Fv2%2Fcomments&post=158"}],"version-history":[{"count":0,"href":"https:\/\/kurtjakob.ch\/index.php?rest_route=\/wp\/v2\/posts\/158\/revisions"}],"wp:attachment":[{"href":"https:\/\/kurtjakob.ch\/index.php?rest_route=%2Fwp%2Fv2%2Fmedia&parent=158"}],"wp:term":[{"taxonomy":"category","embeddable":true,"href":"https:\/\/kurtjakob.ch\/index.php?rest_route=%2Fwp%2Fv2%2Fcategories&post=158"},{"taxonomy":"post_tag","embeddable":true,"href":"https:\/\/kurtjakob.ch\/index.php?rest_route=%2Fwp%2Fv2%2Ftags&post=158"}],"curies":[{"name":"wp","href":"https:\/\/api.w.org\/{rel}","templated":true}]}}