{"id":157,"date":"2007-09-24T14:41:59","date_gmt":"2007-09-24T14:41:59","guid":{"rendered":"http:\/\/wp.kurtjakob.ch\/?p=157"},"modified":"2007-09-24T14:41:59","modified_gmt":"2007-09-24T14:41:59","slug":"spezialwoche-an-der-kanti-solothurn","status":"publish","type":"post","link":"https:\/\/kurtjakob.ch\/?p=157","title":{"rendered":"Spezialwoche an der Kanti Solothurn"},"content":{"rendered":"<p><a href=\"http:\/\/blog.kurtjakob.ch\/uploads\/SpezialwocheanderKantiSolothurn_EA66\/wikispezwoche.png\"><img loading=\"lazy\" decoding=\"async\" width=\"357\" height=\"435\" border=\"0\" src=\"http:\/\/blog.kurtjakob.ch\/uploads\/SpezialwocheanderKantiSolothurn_EA66\/wikispezwoche_thumb.png\" alt=\"wiki-spezwoche\" style=\"border: 0px none ;\" \/><\/a><\/p>\n<p align=\"left\">Heute Morgen war im Schulhaus eine gewisse Hektik sp\u00fcrbar. Sch\u00fcler standen vor Schulzimmern, nicht in ihrem gewohnten Klassenverband, sondern in neuen Zusammensetzungen. Sie hatten sich schon vor Wochen f\u00fcr Themen eingeschrieben, die sie interessierten. Einen \u00dcberblick \u00fcber die Themen findet man <a target=\"_blank\" href=\"http:\/\/wiki.ksso.ch\/mediawiki\/index.php?title=Hauptseite\">hier<\/a>. Speziell f\u00fcr diese Anl\u00e4sse haben wir an der Schule ein neues WIKI eingerichtet. Wir hoffen nat\u00fcrlich, dass die Lehrpersonen, aber auch die Sch\u00fcler von diesem Angebot Gebrauch machen und ihre Projekte auf diesen Seiten vorstellen.<\/p>\n<p><\/p>\n","protected":false},"excerpt":{"rendered":"<p>Heute Morgen war im Schulhaus eine gewisse Hektik sp\u00fcrbar. Sch\u00fcler standen vor Schulzimmern, nicht in ihrem gewohnten Klassenverband, sondern in neuen Zusammensetzungen. Sie hatten sich schon vor Wochen f\u00fcr Themen eingeschrieben, die sie interessierten. Einen \u00dcberblick \u00fcber die Themen findet man hier. Speziell f\u00fcr diese Anl\u00e4sse haben wir an der Schule ein neues WIKI eingerichtet. [&hellip;]<\/p>\n","protected":false},"author":4,"featured_media":0,"comment_status":"open","ping_status":"open","sticky":false,"template":"","format":"standard","meta":{"footnotes":""},"categories":[1],"tags":[56,13],"class_list":["post-157","post","type-post","status-publish","format-standard","hentry","category-uncategorized","tag-kanti-solothurn","tag-wiki"],"_links":{"self":[{"href":"https:\/\/kurtjakob.ch\/index.php?rest_route=\/wp\/v2\/posts\/157","targetHints":{"allow":["GET"]}}],"collection":[{"href":"https:\/\/kurtjakob.ch\/index.php?rest_route=\/wp\/v2\/posts"}],"about":[{"href":"https:\/\/kurtjakob.ch\/index.php?rest_route=\/wp\/v2\/types\/post"}],"author":[{"embeddable":true,"href":"https:\/\/kurtjakob.ch\/index.php?rest_route=\/wp\/v2\/users\/4"}],"replies":[{"embeddable":true,"href":"https:\/\/kurtjakob.ch\/index.php?rest_route=%2Fwp%2Fv2%2Fcomments&post=157"}],"version-history":[{"count":0,"href":"https:\/\/kurtjakob.ch\/index.php?rest_route=\/wp\/v2\/posts\/157\/revisions"}],"wp:attachment":[{"href":"https:\/\/kurtjakob.ch\/index.php?rest_route=%2Fwp%2Fv2%2Fmedia&parent=157"}],"wp:term":[{"taxonomy":"category","embeddable":true,"href":"https:\/\/kurtjakob.ch\/index.php?rest_route=%2Fwp%2Fv2%2Fcategories&post=157"},{"taxonomy":"post_tag","embeddable":true,"href":"https:\/\/kurtjakob.ch\/index.php?rest_route=%2Fwp%2Fv2%2Ftags&post=157"}],"curies":[{"name":"wp","href":"https:\/\/api.w.org\/{rel}","templated":true}]}}