{"id":152,"date":"2007-09-04T16:26:48","date_gmt":"2007-09-04T16:26:48","guid":{"rendered":"http:\/\/wp.kurtjakob.ch\/?p=152"},"modified":"2007-09-04T16:26:48","modified_gmt":"2007-09-04T16:26:48","slug":"mobiltelefone-bei-den-erstgymelern-an-unserer-schule","status":"publish","type":"post","link":"https:\/\/kurtjakob.ch\/?p=152","title":{"rendered":"Mobiltelefone bei den Erstgymelern an unserer Schule"},"content":{"rendered":"<p><img loading=\"lazy\" decoding=\"async\" width=\"297\" height=\"223\" border=\"0\" style=\"border: 0px none ;\" alt=\"Mobilephones\" src=\"http:\/\/blog.kurtjakob.ch\/uploads\/MobiltelefonebeidenErstgymelernanunserer_10329\/Mobilephones_thumb.png\" \/> <\/p>\n<\/p>\n<p align=\"left\">Als ich heute Morgen ins Schulhaus kam, traf ich an einem runden Tisch in einer Loggia in unserem Schulhaus f\u00fcnf junge Erstgymeler (6. Schuljahr). Alle blickten gespannt auf ihr Handy und schienen mit irgendwelchen Spielen besch\u00e4ftigt zu sein. Sie wirkten etwas irritiert, als ich sie fragte, was sie denn spielen w\u00fcrden. Ich fragte sie, ob sie das Handy auch f\u00fcr schulische Zwecke einsetzen w\u00fcrden, wenn es m\u00f6glich w\u00e4re, etwa um Franz- oder Lateinw\u00f6rter zu lernen. Alle bejahten das sofort. Das w\u00e4re doch einen Versuch wert.<\/p>\n<p><\/p>\n","protected":false},"excerpt":{"rendered":"<p>Als ich heute Morgen ins Schulhaus kam, traf ich an einem runden Tisch in einer Loggia in unserem Schulhaus f\u00fcnf junge Erstgymeler (6. Schuljahr). Alle blickten gespannt auf ihr Handy und schienen mit irgendwelchen Spielen besch\u00e4ftigt zu sein. Sie wirkten etwas irritiert, als ich sie fragte, was sie denn spielen w\u00fcrden. Ich fragte sie, ob [&hellip;]<\/p>\n","protected":false},"author":4,"featured_media":0,"comment_status":"open","ping_status":"open","sticky":false,"template":"","format":"standard","meta":{"footnotes":""},"categories":[1],"tags":[73,4],"class_list":["post-152","post","type-post","status-publish","format-standard","hentry","category-uncategorized","tag-mobile","tag-schulischer-alltag"],"_links":{"self":[{"href":"https:\/\/kurtjakob.ch\/index.php?rest_route=\/wp\/v2\/posts\/152","targetHints":{"allow":["GET"]}}],"collection":[{"href":"https:\/\/kurtjakob.ch\/index.php?rest_route=\/wp\/v2\/posts"}],"about":[{"href":"https:\/\/kurtjakob.ch\/index.php?rest_route=\/wp\/v2\/types\/post"}],"author":[{"embeddable":true,"href":"https:\/\/kurtjakob.ch\/index.php?rest_route=\/wp\/v2\/users\/4"}],"replies":[{"embeddable":true,"href":"https:\/\/kurtjakob.ch\/index.php?rest_route=%2Fwp%2Fv2%2Fcomments&post=152"}],"version-history":[{"count":0,"href":"https:\/\/kurtjakob.ch\/index.php?rest_route=\/wp\/v2\/posts\/152\/revisions"}],"wp:attachment":[{"href":"https:\/\/kurtjakob.ch\/index.php?rest_route=%2Fwp%2Fv2%2Fmedia&parent=152"}],"wp:term":[{"taxonomy":"category","embeddable":true,"href":"https:\/\/kurtjakob.ch\/index.php?rest_route=%2Fwp%2Fv2%2Fcategories&post=152"},{"taxonomy":"post_tag","embeddable":true,"href":"https:\/\/kurtjakob.ch\/index.php?rest_route=%2Fwp%2Fv2%2Ftags&post=152"}],"curies":[{"name":"wp","href":"https:\/\/api.w.org\/{rel}","templated":true}]}}