{"id":144,"date":"2007-07-20T04:00:44","date_gmt":"2007-07-20T04:00:44","guid":{"rendered":"http:\/\/wp.kurtjakob.ch\/?p=144"},"modified":"2007-07-20T04:00:44","modified_gmt":"2007-07-20T04:00:44","slug":"ferien-es-gibt-viel-zu-tun","status":"publish","type":"post","link":"https:\/\/kurtjakob.ch\/?p=144","title":{"rendered":"Ferien &#8211; es gibt viel zu tun"},"content":{"rendered":"<p><img loading=\"lazy\" decoding=\"async\" style=\"BORDER-TOP-WIDTH: 0px; BORDER-LEFT-WIDTH: 0px; BORDER-BOTTOM-WIDTH: 0px; BORDER-RIGHT-WIDTH: 0px\" height=\"187\" alt=\"Ordnerf\u00fchrung\" src=\"http:\/\/blog.kurtjakob.ch\/uploads\/Ferienesgibtvielzutun_177E\/Ordnerfhrung_thumb.png\" width=\"240\" border=\"0\" \/><\/p>\n<p>W\u00e4hrend den Ferien gibt es ICT-m\u00e4ssig sehr viel zu tun f\u00fcr mich. Einmal wird Ordung gemacht. So sitze ich im Moment an meinem Computer und habe\u00a0eine externe Festplatte angeschlossen. <\/p>\n<p align=\"left\">Zuerst einmal werden die\u00a0digitalen Schuldaten archiviert. Diese Aufgabe dauert meist relativ lange, da ich die Daten auf unterschiedliche Ordner verteile. Jede Klasse hat im Archiv ihren Ordner, dann aber auch die Schulf\u00e4cher und die entsprechenden Themen der Schulf\u00e4cher.<\/p>\n<p align=\"left\">Die Schultageb\u00fccher habe ich in <a href=\"http:\/\/www.elo-digital.de\/\" target=\"_blank\">ELO<\/a> abgespeichert, dieses System ist f\u00fcr mich relativ einfach und einsichtig. Ich f\u00fchre einen digitalen Ordner f\u00fcr jede Klasse. Dieser Ordner ist mit jenem identisch, den auch die Sch\u00fcler f\u00fchren, nur  <a href=\"http:\/\/4seohunt.biz\/rep\/lifestyleqa.com\">lifestyleqa.com<\/a> dass  diese einen realen Ordner f\u00fchren. Zwei Wochen vor den Ferien kontrolliere ich diese Ordner. Diese stapeln sich dann im Schulzimmer, das Bild oben zeigt diese Situation. Ich habe in diesem Jahr zum ersten Mal alles Papier am Ende des Schuljahres weggeworfen und alles nur noch digital archiviert. Mir schien dieser Schritt jetzt f\u00e4llig.<\/p>\n<p align=\"left\">Die n\u00e4chste Arbeit ist die Vorbereitung auf das neue Schuljahr. Mehr davon in einem n\u00e4chsten Beitrag. Auch \u00fcber die Verarbeitung der Ferienlekt\u00fcre werde ich sp\u00e4ter berichten.<\/p>\n<p><\/p>\n","protected":false},"excerpt":{"rendered":"<p>W\u00e4hrend den Ferien gibt es ICT-m\u00e4ssig sehr viel zu tun f\u00fcr mich. Einmal wird Ordung gemacht. So sitze ich im Moment an meinem Computer und habe\u00a0eine externe Festplatte angeschlossen. Zuerst einmal werden die\u00a0digitalen Schuldaten archiviert. Diese Aufgabe dauert meist relativ lange, da ich die Daten auf unterschiedliche Ordner verteile. Jede Klasse hat im Archiv ihren [&hellip;]<\/p>\n","protected":false},"author":4,"featured_media":0,"comment_status":"open","ping_status":"open","sticky":false,"template":"","format":"standard","meta":{"footnotes":""},"categories":[1],"tags":[67],"class_list":["post-144","post","type-post","status-publish","format-standard","hentry","category-uncategorized","tag-ict-im-unterricht"],"_links":{"self":[{"href":"https:\/\/kurtjakob.ch\/index.php?rest_route=\/wp\/v2\/posts\/144","targetHints":{"allow":["GET"]}}],"collection":[{"href":"https:\/\/kurtjakob.ch\/index.php?rest_route=\/wp\/v2\/posts"}],"about":[{"href":"https:\/\/kurtjakob.ch\/index.php?rest_route=\/wp\/v2\/types\/post"}],"author":[{"embeddable":true,"href":"https:\/\/kurtjakob.ch\/index.php?rest_route=\/wp\/v2\/users\/4"}],"replies":[{"embeddable":true,"href":"https:\/\/kurtjakob.ch\/index.php?rest_route=%2Fwp%2Fv2%2Fcomments&post=144"}],"version-history":[{"count":0,"href":"https:\/\/kurtjakob.ch\/index.php?rest_route=\/wp\/v2\/posts\/144\/revisions"}],"wp:attachment":[{"href":"https:\/\/kurtjakob.ch\/index.php?rest_route=%2Fwp%2Fv2%2Fmedia&parent=144"}],"wp:term":[{"taxonomy":"category","embeddable":true,"href":"https:\/\/kurtjakob.ch\/index.php?rest_route=%2Fwp%2Fv2%2Fcategories&post=144"},{"taxonomy":"post_tag","embeddable":true,"href":"https:\/\/kurtjakob.ch\/index.php?rest_route=%2Fwp%2Fv2%2Ftags&post=144"}],"curies":[{"name":"wp","href":"https:\/\/api.w.org\/{rel}","templated":true}]}}