{"id":142,"date":"2007-07-19T10:57:31","date_gmt":"2007-07-19T10:57:31","guid":{"rendered":"http:\/\/wp.kurtjakob.ch\/?p=142"},"modified":"2021-05-10T20:39:11","modified_gmt":"2021-05-10T20:39:11","slug":"verstummen-der-blogospha%c2%a4re-wa%c2%a4hrend-dem-sommer","status":"publish","type":"post","link":"https:\/\/kurtjakob.ch\/?p=142","title":{"rendered":"Verstummen der Blogosph\u00e4re w\u00e4hrend dem Sommer"},"content":{"rendered":"<p><img loading=\"lazy\" decoding=\"async\" style=\"width: 260px; height: 225px;\" src=\"http:\/\/farm1.static.flickr.com\/203\/450455385_d1bf90823a.jpg\" width=\"260\" height=\"225\" align=\"bottom\" border=\"0\" hspace=\"0\" \/><\/p>\n<p align=\"left\">Beat D\u00f6beli schreibt in seinem <a href=\"http:\/\/wiki.doebe.li\/Beat\/WebLog\" target=\"_blank\" rel=\"noopener\">letzten Blogeintrag<\/a>:<\/p>\n<blockquote>\n<p align=\"left\">Nach der \u00fcblichen Hektik gegen Semesterende im Juni folgt im Juli die lang ersehnte Sommerpause, in welcher das Telefon, das Postfach und auch die Blogosph\u00e4re praktisch verstummen. Zeit f\u00fcr Erholung, Zeit f\u00fcr einen Blick aus der Ferne.<\/p>\n<\/blockquote>\n<p align=\"left\">Auch mein Blog ist verstummt, das war aber nicht geplant. Ich war w\u00e4hrend den letzten 10 Tagen in Italien, in der Toscana. In meinem Domzil hat, wie meistens in der letzten Zeit, das Telefon nicht funktioniert. Ja, Italien und Telefon ist eine Geschichte f\u00fcr sich. Aber ich kenne da ein Inernetcaf\u00e9 in\u00a0 der N\u00e4he, in Radda in Chianti. Also habe ich einige Beitr\u00e4ge im sch\u00f6nsten Sonnenschein draussen am Schatten vorbereitet mit dem Livewriter. Dann ging ich ins besagte Caf\u00e9 und erlebte eine grosse \u00dcberraschung. Ich kam wohl ins Internet, aber nicht auf meinen Blog, viele Seiten konnte ich nicht herunterladen. Ein freundlicher Amerikaner, der mit seinem Laptop ebenfalls in diesem Lokal war, versuchte mir zu helfen. Aber es klappte nicht. Damit konnte ich meine Blogbeitr\u00e4ge nicht absetzen. Warum ich gewisse Seiten nicht laden konnte, weiss ich nach wie vor nicht. Aber ich habe mich mit jenem hilfsbereiten Urlauber aus den USA sehr angeregt unterhalten, er hat mir seinen neuen Tablet PC von HP vorgestellt.<\/p>\n<p>&nbsp;<\/p>\n","protected":false},"excerpt":{"rendered":"<p>Beat D\u00f6beli schreibt in seinem letzten Blogeintrag: Nach der \u00fcblichen Hektik gegen Semesterende im Juni folgt im Juli die lang ersehnte Sommerpause, in welcher das Telefon, das Postfach und auch die Blogosph\u00e4re praktisch verstummen. Zeit f\u00fcr Erholung, Zeit f\u00fcr einen Blick aus der Ferne. Auch mein Blog ist verstummt, das war aber nicht geplant. Ich [&hellip;]<\/p>\n","protected":false},"author":4,"featured_media":0,"comment_status":"open","ping_status":"open","sticky":false,"template":"","format":"standard","meta":{"footnotes":""},"categories":[172],"tags":[2],"class_list":["post-142","post","type-post","status-publish","format-standard","hentry","category-blogging","tag-blog"],"_links":{"self":[{"href":"https:\/\/kurtjakob.ch\/index.php?rest_route=\/wp\/v2\/posts\/142","targetHints":{"allow":["GET"]}}],"collection":[{"href":"https:\/\/kurtjakob.ch\/index.php?rest_route=\/wp\/v2\/posts"}],"about":[{"href":"https:\/\/kurtjakob.ch\/index.php?rest_route=\/wp\/v2\/types\/post"}],"author":[{"embeddable":true,"href":"https:\/\/kurtjakob.ch\/index.php?rest_route=\/wp\/v2\/users\/4"}],"replies":[{"embeddable":true,"href":"https:\/\/kurtjakob.ch\/index.php?rest_route=%2Fwp%2Fv2%2Fcomments&post=142"}],"version-history":[{"count":2,"href":"https:\/\/kurtjakob.ch\/index.php?rest_route=\/wp\/v2\/posts\/142\/revisions"}],"predecessor-version":[{"id":2969,"href":"https:\/\/kurtjakob.ch\/index.php?rest_route=\/wp\/v2\/posts\/142\/revisions\/2969"}],"wp:attachment":[{"href":"https:\/\/kurtjakob.ch\/index.php?rest_route=%2Fwp%2Fv2%2Fmedia&parent=142"}],"wp:term":[{"taxonomy":"category","embeddable":true,"href":"https:\/\/kurtjakob.ch\/index.php?rest_route=%2Fwp%2Fv2%2Fcategories&post=142"},{"taxonomy":"post_tag","embeddable":true,"href":"https:\/\/kurtjakob.ch\/index.php?rest_route=%2Fwp%2Fv2%2Ftags&post=142"}],"curies":[{"name":"wp","href":"https:\/\/api.w.org\/{rel}","templated":true}]}}