{"id":141,"date":"2007-06-29T10:09:00","date_gmt":"2007-06-29T10:09:00","guid":{"rendered":"http:\/\/wp.kurtjakob.ch\/?p=141"},"modified":"2007-06-29T10:09:00","modified_gmt":"2007-06-29T10:09:00","slug":"der-tag-danach","status":"publish","type":"post","link":"https:\/\/kurtjakob.ch\/?p=141","title":{"rendered":"Der Tag danach"},"content":{"rendered":"<p>Die Maturpr\u00fcfungen sind abgeschlossen, gestern fand die Maturfeier statt. Grund zum Feiern haben die meisten. Am Tag nach der Maturfeier, am ber\u00fcchtigten Tag danach, kommen die Ehemaligen und nehmen auf ihre Art Abschied von der Schule und von den Lehrpersonen. <\/p>\n<p>Hier einige Eindr\u00fccke von diesem Abschied: Konfetti, Wasser und Karteikarten. Als Lehrperson muss man einfach alle technischen Ger\u00e4te in Sicherheit bringen. \u00dcbrigens: mit digitalen Karteikarten w\u00e4re das nicht m\u00f6glich.<\/p>\n<p>Ein Blick in andere Blogs zeigt, dass man \u00c4hnliches auch in Deutschland kennt: Siehe im <a href=\"http:\/\/www.herr-rau.de\/wordpress\/2007\/06\/abistreich-2007.htm\" target=\"_blank\">Lehrerzimmer<\/a> von Herrn Rau.<\/p>\n<p align=\"center\"><a href=\"http:\/\/blog.kurtjakob.ch\/uploads\/DerTagdanach_9D7E\/Capture6_3.png\" atomicselection=\"true\"><img loading=\"lazy\" decoding=\"async\" style=\"BORDER-RIGHT: 0px; BORDER-TOP: 0px; BORDER-LEFT: 0px; BORDER-BOTTOM: 0px\" height=\"185\" alt=\"Capture6\" src=\"http:\/\/blog.kurtjakob.ch\/uploads\/DerTagdanach_9D7E\/Capture6_thumb_3.png\" width=\"281\" border=\"0\" \/><\/a><\/p>\n<p align=\"center\"><a href=\"http:\/\/blog.kurtjakob.ch\/uploads\/DerTagdanach_9D7E\/Capture5.png\" atomicselection=\"true\"><img loading=\"lazy\" decoding=\"async\" style=\"BORDER-RIGHT: 0px; BORDER-TOP: 0px; BORDER-LEFT: 0px; BORDER-BOTTOM: 0px\" height=\"185\" alt=\"Capture5\" src=\"http:\/\/blog.kurtjakob.ch\/uploads\/DerTagdanach_9D7E\/Capture5_thumb.png\" width=\"240\" border=\"0\" \/><\/a><\/p>\n<p align=\"center\"><a href=\"http:\/\/blog.kurtjakob.ch\/uploads\/DerTagdanach_9D7E\/Capture4_3.png\" atomicselection=\"true\"><img loading=\"lazy\" decoding=\"async\" style=\"BORDER-RIGHT: 0px; BORDER-TOP: 0px; BORDER-LEFT: 0px; BORDER-BOTTOM: 0px\" height=\"221\" alt=\"Capture4\" src=\"http:\/\/blog.kurtjakob.ch\/uploads\/DerTagdanach_9D7E\/Capture4_thumb_3.png\" width=\"276\" border=\"0\" \/><\/a><\/p>\n<p align=\"center\"><a href=\"http:\/\/blog.kurtjakob.ch\/uploads\/DerTagdanach_9D7E\/Capture7.png\" atomicselection=\"true\"><img loading=\"lazy\" decoding=\"async\" style=\"BORDER-RIGHT: 0px; BORDER-TOP: 0px; BORDER-LEFT: 0px; BORDER-BOTTOM: 0px\" height=\"240\" alt=\"Capture7\" src=\"http:\/\/blog.kurtjakob.ch\/uploads\/DerTagdanach_9D7E\/Capture7_thumb.png\" width=\"169\" border=\"0\" \/><\/a> <\/p>\n<p align=\"center\"><a href=\"http:\/\/blog.kurtjakob.ch\/uploads\/DerTagdanach_9D7E\/Capture8.png\" atomicselection=\"true\"><img loading=\"lazy\" decoding=\"async\" style=\"BORDER-RIGHT: 0px; BORDER-TOP: 0px; BORDER-LEFT: 0px; BORDER-BOTTOM: 0px\" height=\"240\" alt=\"Capture8\" src=\"http:\/\/blog.kurtjakob.ch\/uploads\/DerTagdanach_9D7E\/Capture8_thumb.png\" width=\"177\" border=\"0\" \/><\/a> <\/p>\n<p align=\"center\"><a href=\"http:\/\/blog.kurtjakob.ch\/uploads\/DerTagdanach_9D7E\/Capture9.png\" atomicselection=\"true\"><img loading=\"lazy\" decoding=\"async\" style=\"BORDER-RIGHT: 0px; BORDER-TOP: 0px; BORDER-LEFT: 0px; BORDER-BOTTOM: 0px\" height=\"128\" alt=\"Capture9\" src=\"http:\/\/blog.kurtjakob.ch\/uploads\/DerTagdanach_9D7E\/Capture9_thumb.png\" width=\"240\" border=\"0\" \/><\/a> <\/p>\n<p align=\"center\"><a href=\"http:\/\/blog.kurtjakob.ch\/uploads\/DerTagdanach_9D7E\/Capture3_3.png\" atomicselection=\"true\"><img loading=\"lazy\" decoding=\"async\" style=\"BORDER-RIGHT: 0px; BORDER-TOP: 0px; BORDER-LEFT: 0px; BORDER-BOTTOM: 0px\" height=\"111\" alt=\"Capture3\" src=\"http:\/\/blog.kurtjakob.ch\/uploads\/DerTagdanach_9D7E\/Capture3_thumb_3.png\" width=\"239\" border=\"0\" \/><\/a><\/p>\n<p align=\"center\"><a href=\"http:\/\/blog.kurtjakob.ch\/uploads\/DerTagdanach_9D7E\/Capture10.png\" atomicselection=\"true\"><img loading=\"lazy\" decoding=\"async\" style=\"BORDER-RIGHT: 0px; BORDER-TOP: 0px; BORDER-LEFT: 0px; BORDER-BOTTOM: 0px\" height=\"95\" alt=\"Capture10\" src=\"http:\/\/blog.kurtjakob.ch\/uploads\/DerTagdanach_9D7E\/Capture10_thumb.png\" width=\"240\" border=\"0\" \/><\/a><\/p>\n<p><\/p>\n","protected":false},"excerpt":{"rendered":"<p>Die Maturpr\u00fcfungen sind abgeschlossen, gestern fand die Maturfeier statt. Grund zum Feiern haben die meisten. Am Tag nach der Maturfeier, am ber\u00fcchtigten Tag danach, kommen die Ehemaligen und nehmen auf ihre Art Abschied von der Schule und von den Lehrpersonen. Hier einige Eindr\u00fccke von diesem Abschied: Konfetti, Wasser und Karteikarten. Als Lehrperson muss man einfach [&hellip;]<\/p>\n","protected":false},"author":3,"featured_media":0,"comment_status":"open","ping_status":"open","sticky":false,"template":"","format":"standard","meta":{"footnotes":""},"categories":[1],"tags":[56,4],"class_list":["post-141","post","type-post","status-publish","format-standard","hentry","category-uncategorized","tag-kanti-solothurn","tag-schulischer-alltag"],"_links":{"self":[{"href":"https:\/\/kurtjakob.ch\/index.php?rest_route=\/wp\/v2\/posts\/141","targetHints":{"allow":["GET"]}}],"collection":[{"href":"https:\/\/kurtjakob.ch\/index.php?rest_route=\/wp\/v2\/posts"}],"about":[{"href":"https:\/\/kurtjakob.ch\/index.php?rest_route=\/wp\/v2\/types\/post"}],"author":[{"embeddable":true,"href":"https:\/\/kurtjakob.ch\/index.php?rest_route=\/wp\/v2\/users\/3"}],"replies":[{"embeddable":true,"href":"https:\/\/kurtjakob.ch\/index.php?rest_route=%2Fwp%2Fv2%2Fcomments&post=141"}],"version-history":[{"count":0,"href":"https:\/\/kurtjakob.ch\/index.php?rest_route=\/wp\/v2\/posts\/141\/revisions"}],"wp:attachment":[{"href":"https:\/\/kurtjakob.ch\/index.php?rest_route=%2Fwp%2Fv2%2Fmedia&parent=141"}],"wp:term":[{"taxonomy":"category","embeddable":true,"href":"https:\/\/kurtjakob.ch\/index.php?rest_route=%2Fwp%2Fv2%2Fcategories&post=141"},{"taxonomy":"post_tag","embeddable":true,"href":"https:\/\/kurtjakob.ch\/index.php?rest_route=%2Fwp%2Fv2%2Ftags&post=141"}],"curies":[{"name":"wp","href":"https:\/\/api.w.org\/{rel}","templated":true}]}}