{"id":138,"date":"2007-06-24T20:32:31","date_gmt":"2007-06-24T20:32:31","guid":{"rendered":"http:\/\/wp.kurtjakob.ch\/?p=138"},"modified":"2007-06-24T20:32:31","modified_gmt":"2007-06-24T20:32:31","slug":"ma%c2%bcndliche-matur-ohne-computereinsatz","status":"publish","type":"post","link":"https:\/\/kurtjakob.ch\/?p=138","title":{"rendered":"M\u00fcndliche Matur ohne Computereinsatz"},"content":{"rendered":"<p align=\"left\">Letzte Woche fanden an der Kantonsschule Solothurn die m\u00fcndlichen Maturit\u00e4tspr\u00fcfungen und die m\u00fcndlichen Abschlusspr\u00fcfungen der Fachmittelschule statt. W\u00e4hrend Wochen habe auch ich mich auf diese Pr\u00fcfungen vorbereitet. Meine Notizen zu den gelesenen B\u00fcchern habe ich mir dieses Jahr ausschliesslich auf meinem Tablet PC im OneNote gemacht. Auch die Kommentare zu den Maturaufs\u00e4tzen, also meine Korrekturkommentare habe ich alle in diesem Programm gemacht. Was ich\u00a0im OneNote\u00a0besonders sch\u00e4tze, ist die einfache Art der Bedienung. Neben der normalen Texteingabe \u00fcber die Tastatur kann man bequem auch handschriftliche Erg\u00e4nzungen machen, insbesondere nat\u00fcrlich mit dem Leuchtstift. <\/p>\n<p><img loading=\"lazy\" decoding=\"async\" style=\"BORDER-RIGHT: 0px; BORDER-TOP: 0px; BORDER-LEFT: 0px; BORDER-BOTTOM: 0px\" height=\"167\" alt=\"OneNote\" hspace=\"0\" src=\"http:\/\/blog.kurtjakob.ch\/uploads\/MndlicheMaturohneComputereinsatz_13CDB\/OneNote_thumb.png\" width=\"287\" border=\"0\" \/> <\/p>\n<p>\u00a0<\/p>\n<p align=\"left\">Ich habe allerdings\u00a0den Computer w\u00e4hrend der Pr\u00fcgung dann nicht gebraucht. Ich habe mir alle OneNote-Notizen ausgedruckt und w\u00e4hrend der Pr\u00fcfung ganz traditionell handschriftliche Notizen gemacht. Es war mir zu gewagt, man kann sich nat\u00fcrlich w\u00e4hrend der Pr\u00fcfung absolut keine Panne leisten. Und wenn man auf Nummer sicher gehen will, dann ist das Ausgedruckte nat\u00fcrlich wesentlich besser als das Digitale. Also habe ich mir einen ganzen Ordner ausgedruckt! Eigentlich verr\u00fcckt, wenn ich bedenke, dass ich diese Bl\u00e4tter doch wegwerfen werde.<\/p>\n<p align=\"left\">Ich werde mir bei der n\u00e4chsten Matur die Frage nochmals stellen, ob ich mich nicht\u00a0ganz auf den Computer verlassen will. Vielleicht m\u00fcsste man zwei Ger\u00e4te haben und die Daten auf einem Stick, damit auch im ung\u00fcnstigsten Fall noch Notizen vorhanden w\u00e4ren.<\/p>\n<p><\/p>\n","protected":false},"excerpt":{"rendered":"<p>Letzte Woche fanden an der Kantonsschule Solothurn die m\u00fcndlichen Maturit\u00e4tspr\u00fcfungen und die m\u00fcndlichen Abschlusspr\u00fcfungen der Fachmittelschule statt. W\u00e4hrend Wochen habe auch ich mich auf diese Pr\u00fcfungen vorbereitet. Meine Notizen zu den gelesenen B\u00fcchern habe ich mir dieses Jahr ausschliesslich auf meinem Tablet PC im OneNote gemacht. Auch die Kommentare zu den Maturaufs\u00e4tzen, also meine Korrekturkommentare [&hellip;]<\/p>\n","protected":false},"author":4,"featured_media":0,"comment_status":"open","ping_status":"open","sticky":false,"template":"","format":"standard","meta":{"footnotes":""},"categories":[1],"tags":[67,21],"class_list":["post-138","post","type-post","status-publish","format-standard","hentry","category-uncategorized","tag-ict-im-unterricht","tag-tablet-pc"],"_links":{"self":[{"href":"https:\/\/kurtjakob.ch\/index.php?rest_route=\/wp\/v2\/posts\/138","targetHints":{"allow":["GET"]}}],"collection":[{"href":"https:\/\/kurtjakob.ch\/index.php?rest_route=\/wp\/v2\/posts"}],"about":[{"href":"https:\/\/kurtjakob.ch\/index.php?rest_route=\/wp\/v2\/types\/post"}],"author":[{"embeddable":true,"href":"https:\/\/kurtjakob.ch\/index.php?rest_route=\/wp\/v2\/users\/4"}],"replies":[{"embeddable":true,"href":"https:\/\/kurtjakob.ch\/index.php?rest_route=%2Fwp%2Fv2%2Fcomments&post=138"}],"version-history":[{"count":0,"href":"https:\/\/kurtjakob.ch\/index.php?rest_route=\/wp\/v2\/posts\/138\/revisions"}],"wp:attachment":[{"href":"https:\/\/kurtjakob.ch\/index.php?rest_route=%2Fwp%2Fv2%2Fmedia&parent=138"}],"wp:term":[{"taxonomy":"category","embeddable":true,"href":"https:\/\/kurtjakob.ch\/index.php?rest_route=%2Fwp%2Fv2%2Fcategories&post=138"},{"taxonomy":"post_tag","embeddable":true,"href":"https:\/\/kurtjakob.ch\/index.php?rest_route=%2Fwp%2Fv2%2Ftags&post=138"}],"curies":[{"name":"wp","href":"https:\/\/api.w.org\/{rel}","templated":true}]}}