{"id":13,"date":"2006-05-26T23:24:49","date_gmt":"2006-05-26T23:24:49","guid":{"rendered":"http:\/\/wp.kurtjakob.ch\/?p=13"},"modified":"2021-04-27T09:16:03","modified_gmt":"2021-04-27T09:16:03","slug":"solothurner-literaturtage-michel-mettler","status":"publish","type":"post","link":"https:\/\/kurtjakob.ch\/?p=13","title":{"rendered":"Solothurner Literaturtage: Michel Mettler"},"content":{"rendered":"<p><span style=\"font-size: medium;\">Im Tagesgespr\u00e4ch vom Freitag, 26. Mai 2006, auf DRS1 ist ein Gespr\u00e4ch mit Michel Mettler zu h\u00f6ren.<br \/>\nAuf der Homepage von DRS 1 liest man:<\/span><\/p>\n<blockquote><p>&#8222;Auch in diesem Jahr treffen sich am Auffahrts-Wochenende an den Solothurner Literaturtagen Schweizer und ausl\u00e4ndische Autorinnen und Autoren, Kultur-Gr\u00f6ssen, Bekannte und weniger Bekannte im Literaturbetrieb.<br \/>\nEiner von ihnen ist Michel Mettler aus Brugg im Kanton Aargau. Sein erstes Buch \u00abdie Spange\u00bb ist nach zehn Jahren Arbeit nun erschienen, prominent beim Suhrkamp-Verlag. Emil Lehmann besucht Michel Mettler f\u00fcr das Tagesgespr\u00e4ch in Solothurn.&#8220;<\/p><\/blockquote>\n<p>&nbsp;<\/p>\n<p><span style=\"font-size: medium;\">Die Sendung kann man <a href=\"http:\/\/pod.drs.ch\/mp3\/tagesgespraech\/tagesgespraech_20060526.mp3\">hier<\/a> als mp3 downloaden.<\/span><\/p>\n","protected":false},"excerpt":{"rendered":"<p>Im Tagesgespr\u00e4ch vom Freitag, 26. Mai 2006, auf DRS1 ist ein Gespr\u00e4ch mit Michel Mettler zu h\u00f6ren. Auf der Homepage von DRS 1 liest man: &#8222;Auch in diesem Jahr treffen sich am Auffahrts-Wochenende an den Solothurner Literaturtagen Schweizer und ausl\u00e4ndische Autorinnen und Autoren, Kultur-Gr\u00f6ssen, Bekannte und weniger Bekannte im Literaturbetrieb. Einer von ihnen ist Michel [&hellip;]<\/p>\n","protected":false},"author":3,"featured_media":0,"comment_status":"open","ping_status":"open","sticky":false,"template":"","format":"standard","meta":{"footnotes":""},"categories":[208,211],"tags":[6,8],"class_list":["post-13","post","type-post","status-publish","format-standard","hentry","category-literatur","category-solothurner-literaturtage","tag-literatur","tag-solothurner-literaturtage"],"_links":{"self":[{"href":"https:\/\/kurtjakob.ch\/index.php?rest_route=\/wp\/v2\/posts\/13","targetHints":{"allow":["GET"]}}],"collection":[{"href":"https:\/\/kurtjakob.ch\/index.php?rest_route=\/wp\/v2\/posts"}],"about":[{"href":"https:\/\/kurtjakob.ch\/index.php?rest_route=\/wp\/v2\/types\/post"}],"author":[{"embeddable":true,"href":"https:\/\/kurtjakob.ch\/index.php?rest_route=\/wp\/v2\/users\/3"}],"replies":[{"embeddable":true,"href":"https:\/\/kurtjakob.ch\/index.php?rest_route=%2Fwp%2Fv2%2Fcomments&post=13"}],"version-history":[{"count":1,"href":"https:\/\/kurtjakob.ch\/index.php?rest_route=\/wp\/v2\/posts\/13\/revisions"}],"predecessor-version":[{"id":2634,"href":"https:\/\/kurtjakob.ch\/index.php?rest_route=\/wp\/v2\/posts\/13\/revisions\/2634"}],"wp:attachment":[{"href":"https:\/\/kurtjakob.ch\/index.php?rest_route=%2Fwp%2Fv2%2Fmedia&parent=13"}],"wp:term":[{"taxonomy":"category","embeddable":true,"href":"https:\/\/kurtjakob.ch\/index.php?rest_route=%2Fwp%2Fv2%2Fcategories&post=13"},{"taxonomy":"post_tag","embeddable":true,"href":"https:\/\/kurtjakob.ch\/index.php?rest_route=%2Fwp%2Fv2%2Ftags&post=13"}],"curies":[{"name":"wp","href":"https:\/\/api.w.org\/{rel}","templated":true}]}}