{"id":1297,"date":"2013-03-18T22:21:38","date_gmt":"2013-03-18T21:21:38","guid":{"rendered":"http:\/\/blog.kurtjakob.ch\/?p=1297"},"modified":"2021-05-10T20:35:41","modified_gmt":"2021-05-10T20:35:41","slug":"papstwahl-auf-twitter","status":"publish","type":"post","link":"https:\/\/kurtjakob.ch\/?p=1297","title":{"rendered":"Papstwahl auf Twitter"},"content":{"rendered":"<div class=\"PublishedByWebStory-[6]1_DCE979140AB043AF9980158F4D0246E5_84C24A12554B4DECBD78C7500BCEC0CC\">\n<p>Am Mittwochabend, 13.3.2013, habe ich w\u00e4hrend den Vorbereitungen auf Twitter den Hashtag [hi]#habemuspapam[\/hi] beobachtet. Wirklich interessant, wie Gl\u00e4ubige, die auf dem Petersplatz in Rom waren, und Beobachter aus der ganzen Welt auf Twitter eine Art von Gespr\u00e4ch f\u00fchrten. Im Sekundentakt sind die Tweets gekommen. Etwa die folgenden:<\/p>\n<p><a href=\"https:\/\/twitter.com\/frheinrich\/status\/311915551037464576\" target=\"_blank\" rel=\"noopener\"><img loading=\"lazy\" decoding=\"async\" src=\"http:\/\/blog.kurtjakob.ch\/wp-content\/uploads\/2013\/03\/946FB695646AD27E93827DE437AB38731FA58828.jpg\" alt=\"\" width=\"477\" height=\"154\" border=\"0\" \/><\/a><\/p>\n<p><a href=\"https:\/\/twitter.com\/Awaked2007\/status\/311917163734781952\" target=\"_blank\" rel=\"noopener\"><img loading=\"lazy\" decoding=\"async\" src=\"http:\/\/blog.kurtjakob.ch\/wp-content\/uploads\/2013\/03\/139C2C042FA61087B65F31387234B0068CF672DD.jpg\" alt=\"\" width=\"481\" height=\"206\" border=\"0\" \/><\/a><\/p>\n<p><a href=\"https:\/\/twitter.com\/muehlenwind\/status\/311917523400552448\" target=\"_blank\" rel=\"noopener\"><img loading=\"lazy\" decoding=\"async\" src=\"http:\/\/blog.kurtjakob.ch\/wp-content\/uploads\/2013\/03\/B414166B7C16EE940716BED490416457080E1886.jpg\" alt=\"\" width=\"478\" height=\"189\" border=\"0\" \/><\/a><\/p>\n<p><a href=\"https:\/\/twitter.com\/birdiexy\/status\/311917540991463427\" target=\"_blank\" rel=\"noopener\"><img loading=\"lazy\" decoding=\"async\" src=\"http:\/\/blog.kurtjakob.ch\/wp-content\/uploads\/2013\/03\/C9B69620239E2746C20A8FEEDC9FEA7BD13B15D0.jpg\" alt=\"\" width=\"482\" height=\"177\" border=\"0\" \/><\/a><\/p>\n<p><a href=\"https:\/\/twitter.com\/BLMagazine\/status\/311917857950810113\" target=\"_blank\" rel=\"noopener\"><img loading=\"lazy\" decoding=\"async\" src=\"http:\/\/blog.kurtjakob.ch\/wp-content\/uploads\/2013\/03\/0154F63692A2E8190B97D5918E7FB7CD0D8D974A.jpg\" alt=\"\" width=\"477\" height=\"182\" border=\"0\" \/><\/a><\/p>\n<p><a href=\"https:\/\/twitter.com\/LadyRockabella\/status\/311915666951241728\" target=\"_blank\" rel=\"noopener\"><img loading=\"lazy\" decoding=\"async\" src=\"http:\/\/blog.kurtjakob.ch\/wp-content\/uploads\/2013\/03\/F76BC6E0E7BA6334750B72A6855D9BAFC54BC24B.jpg\" alt=\"\" width=\"477\" height=\"158\" border=\"0\" \/><\/a><\/p>\n<p><a href=\"https:\/\/twitter.com\/EukeFrank\/status\/311916679150059520\" target=\"_blank\" rel=\"noopener\"><img loading=\"lazy\" decoding=\"async\" src=\"http:\/\/blog.kurtjakob.ch\/wp-content\/uploads\/2013\/03\/3C9425AE065DA4C75E94742ED874D5A4B60196D1.jpg\" alt=\"\" width=\"473\" height=\"150\" border=\"0\" \/><\/a><\/p>\n<p>Und dann endlich der offizielle Twitter-Eintrag:<\/p>\n<p><img loading=\"lazy\" decoding=\"async\" src=\"http:\/\/blog.kurtjakob.ch\/wp-content\/uploads\/2013\/03\/439A03A7A6588C01E82E682676A43123EB26B75D.jpg\" alt=\"\" width=\"300\" height=\"112\" border=\"0\" \/><\/p>\n<p><img loading=\"lazy\" decoding=\"async\" src=\"http:\/\/blog.kurtjakob.ch\/wp-content\/uploads\/2013\/03\/C89CA9576E2408AB970CDF3D7AD640E500A598AC.jpg\" alt=\"\" width=\"466\" height=\"81\" border=\"0\" \/><\/p>\n<p><a href=\"https:\/\/twitter.com\/eholden13\/status\/311919359654244352\" target=\"_blank\" rel=\"noopener\"><img loading=\"lazy\" decoding=\"async\" src=\"http:\/\/blog.kurtjakob.ch\/wp-content\/uploads\/2013\/03\/E1428B72478613B6888C46CAA077C423BC73276D.jpg\" alt=\"\" width=\"463\" height=\"177\" border=\"0\" \/><\/a><\/p>\n<p>Und &#8211; man glaubt es kaum:<\/p>\n<p><a href=\"https:\/\/twitter.com\/BlackadderBlog\/status\/311918128181432320\" target=\"_blank\" rel=\"noopener\"><img loading=\"lazy\" decoding=\"async\" src=\"http:\/\/blog.kurtjakob.ch\/wp-content\/uploads\/2013\/03\/87C8B9D6416D3E2B6CD05750B6C2D850810C468A.jpg\" alt=\"\" width=\"462\" height=\"174\" border=\"0\" \/><\/a><\/p>\n<p><a href=\"https:\/\/twitter.com\/damCR\/status\/311918595959562241\" target=\"_blank\" rel=\"noopener\"><img loading=\"lazy\" decoding=\"async\" src=\"http:\/\/blog.kurtjakob.ch\/wp-content\/uploads\/2013\/03\/24709C21D9A3623A3F94F0D8CBB356DE62BC693C.jpg\" alt=\"\" width=\"462\" height=\"146\" border=\"0\" \/><\/a><\/p>\n<p>&nbsp;<\/p>\n<div class=\"PoweredByWebStory\" style=\"margin-top: 15px; margin-bottom: 10px;\">\u00a0Published by <a href=\"http:\/\/webstory.my\/cs_invite.php?u=9696\" target=\"_blank\" rel=\"noopener\">WebStory<\/a><\/div>\n<\/div>\n","protected":false},"excerpt":{"rendered":"<p>Am Mittwochabend, 13.3.2013, habe ich w\u00e4hrend den Vorbereitungen auf Twitter den Hashtag [hi]#habemuspapam[\/hi] beobachtet. Wirklich interessant, wie Gl\u00e4ubige, die auf dem Petersplatz in Rom waren, und Beobachter aus der ganzen Welt auf Twitter eine Art von Gespr\u00e4ch f\u00fchrten. Im Sekundentakt sind die Tweets gekommen. Etwa die folgenden: Und dann endlich der offizielle Twitter-Eintrag: Und &#8211; [&hellip;]<\/p>\n","protected":false},"author":4,"featured_media":0,"comment_status":"open","ping_status":"open","sticky":false,"template":"","format":"standard","meta":{"footnotes":""},"categories":[214],"tags":[112,118,72],"class_list":["post-1297","post","type-post","status-publish","format-standard","hentry","category-soziale-medien","tag-kreativitaet","tag-twitter","tag-web-2-0"],"_links":{"self":[{"href":"https:\/\/kurtjakob.ch\/index.php?rest_route=\/wp\/v2\/posts\/1297","targetHints":{"allow":["GET"]}}],"collection":[{"href":"https:\/\/kurtjakob.ch\/index.php?rest_route=\/wp\/v2\/posts"}],"about":[{"href":"https:\/\/kurtjakob.ch\/index.php?rest_route=\/wp\/v2\/types\/post"}],"author":[{"embeddable":true,"href":"https:\/\/kurtjakob.ch\/index.php?rest_route=\/wp\/v2\/users\/4"}],"replies":[{"embeddable":true,"href":"https:\/\/kurtjakob.ch\/index.php?rest_route=%2Fwp%2Fv2%2Fcomments&post=1297"}],"version-history":[{"count":1,"href":"https:\/\/kurtjakob.ch\/index.php?rest_route=\/wp\/v2\/posts\/1297\/revisions"}],"predecessor-version":[{"id":2961,"href":"https:\/\/kurtjakob.ch\/index.php?rest_route=\/wp\/v2\/posts\/1297\/revisions\/2961"}],"wp:attachment":[{"href":"https:\/\/kurtjakob.ch\/index.php?rest_route=%2Fwp%2Fv2%2Fmedia&parent=1297"}],"wp:term":[{"taxonomy":"category","embeddable":true,"href":"https:\/\/kurtjakob.ch\/index.php?rest_route=%2Fwp%2Fv2%2Fcategories&post=1297"},{"taxonomy":"post_tag","embeddable":true,"href":"https:\/\/kurtjakob.ch\/index.php?rest_route=%2Fwp%2Fv2%2Ftags&post=1297"}],"curies":[{"name":"wp","href":"https:\/\/api.w.org\/{rel}","templated":true}]}}