{"id":1283,"date":"2013-03-17T21:23:47","date_gmt":"2013-03-17T20:23:47","guid":{"rendered":"http:\/\/blog.kurtjakob.ch\/?p=1283"},"modified":"2013-03-17T21:23:47","modified_gmt":"2013-03-17T20:23:47","slug":"tolino-das-neue-wunder","status":"publish","type":"post","link":"https:\/\/kurtjakob.ch\/?p=1283","title":{"rendered":"Tolino &#8211; das neue Wunder?"},"content":{"rendered":"<div class=\"PublishedByWebStory-[6]1_1FD28432497A45F0A08D9A11BB649D95_7DC583BF6D254AEE88843F787105F43F\">\n<p>W\u00e4hrend man aus Deutschland vorwiegend [tippy title=&#8220;Positives&#8220; reference=&#8220;&#8220; header=&#8220;off&#8220;] Etwa <a href=\"http:\/\/blog.paperc.de\/2013\/03\/tolino-das-digitale-lesen-national-neu-erfinden\/\" target=\"_blank\">hier<\/a> oder <a href=\"http:\/\/www.buchreport.de\/nachrichten\/handel\/handel_nachricht\/datum\/2013\/03\/11\/schmetterlinge-im-einsatz.htm\" target=\"_blank\">hier<\/a>.[\/tippy]&nbsp; zu diesem neuen Reader h\u00f6rt, t\u00f6nt es im englischsprachigen Ausland etwa bei <a href=\"http:\/\/www.the-digital-reader.com\/2013\/03\/08\/tolino-aka-germanys-response-to-amazon-is-getting-off-to-a-rocky-start\/?utm_source=feedburner&amp;utm_medium=feed&amp;utm_campaign=Feed%3A+TheDigitalReader+%28The+Digital+Reader%29#.UTpB2letZWw\" target=\"_blank\">digital-reader.com<\/a>&nbsp;etwas anders. So wird etwa auf die Tatsache verwiesen, dass die iOS-Apps und die Android-Apps von <a href=\"https:\/\/play.google.com\/store\/apps\/details?id=de.weltbild.android.ebookreader&amp;feature=search_result&amp;hl=en\" target=\"_blank\">Weltbild<\/a> und <a href=\"https:\/\/play.google.com\/store\/apps\/details?id=de.hugendubel.android.ebookreader&amp;feature=more_from_developer#?t=W251bGwsMSwxLDEwMiwiZGUuaHVnZW5kdWJlbC5hbmRyb2lkLmVib29rcmVhZGVyIl0.\" target=\"_blank\">Hugendubel<\/a> nach dem Update nicht mehr funktionieren, d.h. Nutzer meldeten, dass sie nach dem Update keinen Zugang mehr auf ihre Konten h\u00e4tten. So zeigt ein Blick auf das Feedback zum Weltbild-Android-App die Situation:<\/p>\n<p><a href=\"https:\/\/play.google.com\/store\/apps\/details?id=de.weltbild.android.ebookreader&amp;feature=search_result&amp;hl=de\" target=\"_blank\"><img loading=\"lazy\" decoding=\"async\" border=\"0\" src=\"http:\/\/blog.kurtjakob.ch\/wp-content\/uploads\/2013\/03\/5344E1DEFBEA2B76E5617FD35B4AE2C06C95F5B0.jpg\" width=\"575\" height=\"251\"\/><\/a><\/p>\n<p>Im deutschen Sprachraum sieht man diesen neuen Reader als klare Chance gegen die \u00dcbermacht von Amazon, deshalb ist es wohl nicht ganz zuf\u00e4llig, dass Amazone seit einiger Zeit mit <a href=\"http:\/\/www.focus.de\/finanzen\/news\/unternehmen\/tid-29672\/internet-versandhaendler-am-pranger-amazon-deutschland-chef-will-betriebsrat-aufstocken_aid_924598.html\" target=\"_blank\">Negativschlagzeilen<\/a> wegen schlechter <a href=\"http:\/\/www.fr-online.de\/wirtschaft\/arbeitsbedingungen-amazon-bei-amazon--nur-eine-nummer-,1472780,21938888.html\" target=\"_blank\">Arbeitsbedingungen<\/a> in der deutschen Presse zu finden ist.<\/p>\n<blockquote>\n<p>Einen solchen Sturm der Entr&uuml;stung hat der Online-H\u00e4ndler Amazon noch nicht erlebt. Die Berichte &uuml;ber die Arbeitsbedingungen, die vor Weihnachten f&uuml;r Leiharbeiter herrschten, die im Versandzentrum im hessischen Bad Hersfeld eingesetzt waren, hat bis zum Bundestag f&uuml;r erregte Debatten gesorgt. Amazon musste sich im Plenum den Vorwurf gefallen lassen, die Zust\u00e4nde seien menschenverachtend gewesen. Ein gutes Wort wollte niemand f&uuml;r den amerikanischen Handelsriesen einlegen; die Kritik zog sich quer durch alle Fraktionen. (<a href=\"http:\/\/www.faz.net\/aktuell\/wirtschaft\/unternehmen\/kritik-am-versandhaendler-was-ist-amazon-wirklich-12091109.html\" target=\"_blank\">Frankfurter Allgemeine<\/a>)<\/p>\n<\/blockquote>\n<p>Oder in einem andern Blog:<\/p>\n<blockquote>\n<p>Und nicht zuletzt k\u00f6nnte es der Allianz gelingen, den Tolino als \u201edeutsche Alternative\u201c zu positionieren. In Zeiten, wo sich Marktf&uuml;hrer Amazon mehreren Vorw&uuml;rfen von schlechten Arbeitsbedingungen bis hin zum Preisdiktat und einem Verfahren des Bundeskartellamtes ausgesetzt sieht, stehen die Chancen nicht unbedingt schlecht \u2013 zumal der Tolino Shine im Gegensatz zum Kindle das weit verbreitete ePub-Format unterst&uuml;tzt und nicht zwangsl\u00e4ufig an einen Shop gebunden ist. (<a href=\"http:\/\/www.basicthinking.de\/blog\/2013\/03\/04\/tolino-shine-bertelsmann-deutsche-telekom-und-der-deutsche-buchhandel-stellen-kindle-alternative-vor\/\" target=\"_blank\">basicthinking<\/a>)<\/p>\n<\/blockquote>\n<p>Kindle oder Tolino? Das wird etwa in <a href=\"http:\/\/www.lesen.net\/ereader\/tolino-shine-kurzer-test-6032\/?utm_source=feedburner&amp;utm_medium=feed&amp;utm_campaign=Feed%3A+lesen_net+%28lesen.net%29\" target=\"_blank\">lesen.net<\/a> oder <a href=\"http:\/\/www.the-digital-reader.com\/2013\/03\/01\/tolino-shine-ereader-launched-germanys-next-marginally-successful-ereader\/?utm_source=feedburner&amp;utm_medium=feed&amp;utm_campaign=Feed%3A+TheDigitalReader+%28The+Digital+Reader%29#.UTpOqletZWx\" target=\"_blank\">digital-reader.com<\/a>&nbsp;(hier sind die vielen Kommentare sehr interessant)&nbsp;diskutiert. Ein gewaltiger Nachteil&nbsp;hat der Tolino: [hi]Er bietet keinen Zugang f&uuml;r Self-Publisher.[\/hi]<\/p>\n<p>Ich habe&nbsp;diese Woche einen Tolino in der Hand gehabt, bei Weltbild.<\/p>\n<p><img loading=\"lazy\" decoding=\"async\" border=\"0\" src=\"http:\/\/blog.kurtjakob.ch\/wp-content\/uploads\/2013\/03\/9A393DC9E01E57798DF61FE5186D8FEFADEC62B6.jpg\" width=\"371\" height=\"447\"\/><\/p>\n<p>\u00dcber das Design l\u00e4sst sich nat&uuml;rlich streiten. Was mich aber st\u00f6rt: es gibt [hi]keine Notiz- und Markier-Funktion[\/hi]. F&uuml;r mich w&uuml;rde der Reader schon aus diesem Grund nicht in Frage kommen.<\/p>\n<p>Bei der Konkurrenz auf der andern Strassenseite will man allerdings einen andern Reader verkaufen.<\/p>\n<p><img loading=\"lazy\" decoding=\"async\" border=\"0\" src=\"http:\/\/blog.kurtjakob.ch\/wp-content\/uploads\/2013\/03\/F034BC55839AC456A5F23462046EDD6AE5678BA7.jpg\" width=\"386\" height=\"557\"\/><\/p>\n<p>Einen ausf&uuml;hrlichen Test findet man auf <a href=\"http:\/\/www.literaturcafe.de\/tolino-shine-im-ausfuehrlichen-test-kindle-killer-oder-kindle-clone\/\" target=\"_blank\">literaturcafe.de<\/a>.<\/p>\n<div class=\"PoweredByWebStory\" style=\"margin-top:15px;margin-bottom:10px\"><a target=\"_blank\" href=\"http:\/\/webstory.my\/cs_invite.php?u=9696\"><\/a>&nbsp;Published by <a target=\"_blank\" href=\"http:\/\/webstory.my\/cs_invite.php?u=9696\">WebStory<\/a><\/div>\n<\/div>\n","protected":false},"excerpt":{"rendered":"<p>W\u00e4hrend man aus Deutschland vorwiegend [tippy title=&#8220;Positives&#8220; reference=&#8220;&#8220; header=&#8220;off&#8220;] Etwa hier oder hier.[\/tippy]&nbsp; zu diesem neuen Reader h\u00f6rt, t\u00f6nt es im englischsprachigen Ausland etwa bei digital-reader.com&nbsp;etwas anders. So wird etwa auf die Tatsache verwiesen, dass die iOS-Apps und die Android-Apps von Weltbild und Hugendubel nach dem Update nicht mehr funktionieren, d.h. Nutzer meldeten, dass sie [&hellip;]<\/p>\n","protected":false},"author":4,"featured_media":0,"comment_status":"open","ping_status":"open","sticky":false,"template":"","format":"standard","meta":{"footnotes":""},"categories":[1],"tags":[27,89],"class_list":["post-1283","post","type-post","status-publish","format-standard","hentry","category-uncategorized","tag-ebook","tag-kindle"],"_links":{"self":[{"href":"https:\/\/kurtjakob.ch\/index.php?rest_route=\/wp\/v2\/posts\/1283","targetHints":{"allow":["GET"]}}],"collection":[{"href":"https:\/\/kurtjakob.ch\/index.php?rest_route=\/wp\/v2\/posts"}],"about":[{"href":"https:\/\/kurtjakob.ch\/index.php?rest_route=\/wp\/v2\/types\/post"}],"author":[{"embeddable":true,"href":"https:\/\/kurtjakob.ch\/index.php?rest_route=\/wp\/v2\/users\/4"}],"replies":[{"embeddable":true,"href":"https:\/\/kurtjakob.ch\/index.php?rest_route=%2Fwp%2Fv2%2Fcomments&post=1283"}],"version-history":[{"count":0,"href":"https:\/\/kurtjakob.ch\/index.php?rest_route=\/wp\/v2\/posts\/1283\/revisions"}],"wp:attachment":[{"href":"https:\/\/kurtjakob.ch\/index.php?rest_route=%2Fwp%2Fv2%2Fmedia&parent=1283"}],"wp:term":[{"taxonomy":"category","embeddable":true,"href":"https:\/\/kurtjakob.ch\/index.php?rest_route=%2Fwp%2Fv2%2Fcategories&post=1283"},{"taxonomy":"post_tag","embeddable":true,"href":"https:\/\/kurtjakob.ch\/index.php?rest_route=%2Fwp%2Fv2%2Ftags&post=1283"}],"curies":[{"name":"wp","href":"https:\/\/api.w.org\/{rel}","templated":true}]}}