{"id":1245,"date":"2013-03-11T08:31:42","date_gmt":"2013-03-11T07:31:42","guid":{"rendered":"http:\/\/blog.kurtjakob.ch\/?p=1245"},"modified":"2021-05-19T21:51:41","modified_gmt":"2021-05-19T21:51:41","slug":"social-media-strategie-unserer-schule","status":"publish","type":"post","link":"https:\/\/kurtjakob.ch\/?p=1245","title":{"rendered":"Social Media Strategie unserer Schule"},"content":{"rendered":"<div class=\"PublishedByWebStory-[6]1_CF634B59D219495D84050D5510E5CFA9_7716355449BB4EB28572D149266BC7E9\">\n<p>\u00dcber einen Beitrag auf <a href=\"http:\/\/digithek.kaywa.com\/p1655.html\" target=\"_blank\" rel=\"noopener\">blogthek<\/a> bin ich auf eine interessante Seminarbeit von Sven Ruoss gestossen, die er an der Hochschule f\u00fcr Wirtschaft Z\u00fcrich verfasst hat, Thema: &#8222;<a href=\"http:\/\/svenruoss.files.wordpress.com\/2013\/01\/20121217_seminararbeit_smm_final.pdf\" target=\"_blank\" rel=\"noopener\">Social Media Strategie der Kantonsschule Z\u00fcrich Nord<\/a>&#8222;. Das Thema ist also die der Social-Media-Auftritt der Kantonsschule Z\u00fcrich Nord. Im ersten Teil der Arbeit\u00a0untersucht\u00a0der Autor allerdings 78 Kantonsschulen der Schweiz &#8222;bez\u00fcglich ihrem Facebook-Auftritt&#8220;.<\/p>\n<p>Interessant ist, dass lediglich 29% der insgesamt 78 Kantonsschulen, das sind 23 Schulen,\u00a0\u00fcber eine Facebook-Seite verf\u00fcgen, die auch offiziell von der Schule gepflegt werden. Von diesen 29 Seiten werden vom Autor lediglich 6 mit dem Pr\u00e4dikat gen\u00fcgend beurteilt, 17 Schulen schneiden ungen\u00fcgend ab.<\/p>\n<p>Kurz zusammengefasst: die <a href=\"http:\/\/www.ksso.ch\/\" target=\"_blank\" rel=\"noopener\">Kantonsschule Solothurn<\/a> (KSSO)\u00a0ist zusammen mit der Kantonsschule\u00a0Glarus auf Platz 7, d.h. knapp ungen\u00fcgend.<\/p>\n<p><img loading=\"lazy\" decoding=\"async\" src=\"http:\/\/blog.kurtjakob.ch\/wp-content\/uploads\/2013\/03\/7B685660962D5A88921E8372E6FCBC70B3FAC9C7.png\" width=\"574\" height=\"39\" border=\"0\" \/><br \/>\n<img loading=\"lazy\" decoding=\"async\" src=\"http:\/\/blog.kurtjakob.ch\/wp-content\/uploads\/2013\/03\/E33E36E9D526F42C856736533667BA36D86613D6.png\" width=\"574\" height=\"40\" border=\"0\" \/><\/p>\n<p>Wie sieht es mit dem Auftritt der Kantonsschule Solothurn in Facebook aus? In einem <a href=\"http:\/\/blog.kurtjakob.ch\/?p=239\" target=\"_blank\" rel=\"noopener\">fr\u00fcheren Beitrag<\/a> habe ich diesen Auftritt schon kurz vorgestellt.<\/p>\n<ul>\n<li style=\"list-style-type: none;\"><\/li>\n<li>Die Schule als eine normale <a href=\"http:\/\/www.facebook.com\/groups\/3160950011\/\" target=\"_blank\" rel=\"noopener\">Facebook-Gruppe<\/a> vertreten. Bevor diese Gruppen-Seiten von Facebook umstrukturiert worden sind, hatte die Seite viele Mitglieder, heute ist sie praktisch inexistent. Gegr\u00fcndet hat sie ein ehemaliger Sch\u00fcler, der unterdessen nicht mehr bei Facebook ist. Die Administrator-Rechte liegen jetzt bei mir. Diese Seite wurde allerdings nicht beurteilt. Sonst w\u00e4re das Urteil noch wesentlich schlechter ausgefallen.<br \/>\n<img loading=\"lazy\" decoding=\"async\" src=\"http:\/\/blog.kurtjakob.ch\/wp-content\/uploads\/2013\/03\/00AD1AB53C4FF92367C65ADDCDA7B2CEF41134F7.jpg\" width=\"318\" height=\"107\" border=\"0\" \/><\/li>\n<li style=\"list-style-type: none;\"><\/li>\n<li>Dann hat die Schule die offizielle <a href=\"http:\/\/www.facebook.com\/pages\/Kantonsschule-Solothurn\/126802068787\" target=\"_blank\" rel=\"noopener\">Facebook-Seite<\/a>. Hier ist etwas\u00a0mehr los: 50 Freunde haben wir und im Moment 648 Gef\u00e4llt-mir-Klicks, dies ergibt in der Beurteilung der Gr\u00f6sse also 9 von 10 Punkten. Der letzte offizielle Eintrag stammt vom 6.1.2012. Im vergangenen Jahr war es also sehr, sehr ruhig. Was die Interaktion betrifft, so l\u00e4uft auf der Seite auch alles sehr, sehr ruhig. Im Jahr 2011 war auf der Seite allerdings einiges los, ich habe die jeweiligen \u00f6ffentlichen Schul-Termine nachgetragen. Das gen\u00fcgte, um 4 von 10 Punkten zu erreichen. Der Massstab war\u00a0sicher nicht\u00a0hart.<br \/>\n<img loading=\"lazy\" decoding=\"async\" src=\"http:\/\/blog.kurtjakob.ch\/wp-content\/uploads\/2013\/03\/DFC766034B9EC6371C5982DF26C67CBFE8FAB1B0.jpg\" width=\"329\" height=\"159\" border=\"0\" \/><\/li>\n<li style=\"list-style-type: none;\"><\/li>\n<\/ul>\n<p>Ich werde die Seite voraussichtlich wieder vermehrt pflegen. Einen weiteren Versuch ist es sicher wert.<\/p>\n<div class=\"PoweredByWebStory\" style=\"margin-top: 15px; margin-bottom: 10px;\">\u00a0Published by <a href=\"http:\/\/webstory.my\/cs_invite.php?u=9696\" target=\"_blank\" rel=\"noopener\">WebStory<\/a><\/div>\n<\/div>\n","protected":false},"excerpt":{"rendered":"<p>\u00dcber einen Beitrag auf blogthek bin ich auf eine interessante Seminarbeit von Sven Ruoss gestossen, die er an der Hochschule f\u00fcr Wirtschaft Z\u00fcrich verfasst hat, Thema: &#8222;Social Media Strategie der Kantonsschule Z\u00fcrich Nord&#8222;. Das Thema ist also die der Social-Media-Auftritt der Kantonsschule Z\u00fcrich Nord. Im ersten Teil der Arbeit\u00a0untersucht\u00a0der Autor allerdings 78 Kantonsschulen der Schweiz [&hellip;]<\/p>\n","protected":false},"author":4,"featured_media":0,"comment_status":"open","ping_status":"open","sticky":false,"template":"","format":"standard","meta":{"footnotes":""},"categories":[239,212],"tags":[92,90,56,119,72],"class_list":["post-1245","post","type-post","status-publish","format-standard","hentry","category-kantonsschule-solothurn","category-schule","tag-digitale-schule","tag-ict-konzept","tag-kanti-solothurn","tag-social-media","tag-web-2-0"],"_links":{"self":[{"href":"https:\/\/kurtjakob.ch\/index.php?rest_route=\/wp\/v2\/posts\/1245","targetHints":{"allow":["GET"]}}],"collection":[{"href":"https:\/\/kurtjakob.ch\/index.php?rest_route=\/wp\/v2\/posts"}],"about":[{"href":"https:\/\/kurtjakob.ch\/index.php?rest_route=\/wp\/v2\/types\/post"}],"author":[{"embeddable":true,"href":"https:\/\/kurtjakob.ch\/index.php?rest_route=\/wp\/v2\/users\/4"}],"replies":[{"embeddable":true,"href":"https:\/\/kurtjakob.ch\/index.php?rest_route=%2Fwp%2Fv2%2Fcomments&post=1245"}],"version-history":[{"count":1,"href":"https:\/\/kurtjakob.ch\/index.php?rest_route=\/wp\/v2\/posts\/1245\/revisions"}],"predecessor-version":[{"id":3220,"href":"https:\/\/kurtjakob.ch\/index.php?rest_route=\/wp\/v2\/posts\/1245\/revisions\/3220"}],"wp:attachment":[{"href":"https:\/\/kurtjakob.ch\/index.php?rest_route=%2Fwp%2Fv2%2Fmedia&parent=1245"}],"wp:term":[{"taxonomy":"category","embeddable":true,"href":"https:\/\/kurtjakob.ch\/index.php?rest_route=%2Fwp%2Fv2%2Fcategories&post=1245"},{"taxonomy":"post_tag","embeddable":true,"href":"https:\/\/kurtjakob.ch\/index.php?rest_route=%2Fwp%2Fv2%2Ftags&post=1245"}],"curies":[{"name":"wp","href":"https:\/\/api.w.org\/{rel}","templated":true}]}}