{"id":1227,"date":"2013-03-13T19:00:48","date_gmt":"2013-03-13T18:00:48","guid":{"rendered":"http:\/\/blog.kurtjakob.ch\/?p=1227"},"modified":"2021-05-19T21:50:36","modified_gmt":"2021-05-19T21:50:36","slug":"naive-twitter-user","status":"publish","type":"post","link":"https:\/\/kurtjakob.ch\/?p=1227","title":{"rendered":"Naive Twitter-User"},"content":{"rendered":"<div class=\"PublishedByWebStory-[6]1_60D68B2449D24B8AB602954412CE1B97_D0DED1C60E294D2E86980B2B693A6E80\">\n<p><a href=\"http:\/\/www.20min.ch\/digital\/news\/story\/10784127\" target=\"_blank\" rel=\"noopener\">20Minuten online<\/a> berichtet \u00fcber die d\u00fcmmsten Twitter-User, die z.B. ein Bild ihrer Kreditkarte verschicken, sich beim Autofahren ohne Fahrausweis filmen und dies twittern.<\/p>\n<p>Da fallen mir spontan auch Beispiele ein:<\/p>\n<p>Vor einiger Zeit habe ich in einer Schulklasse Twitter erw\u00e4hnt. Eine Sch\u00fclerin hat sich w\u00e4hrend der Stunde bei Twitter angemeldet und bei mir als Follower eingetragen. Nur dumm, dass ich auf dem Zeitstempel genau sehen konnte, dass sie\u00a0dies w\u00e4hrend der Schulstunde gemacht hatte.<\/p>\n<p>In der gleichen Klasse habe ich mehr als ein Jahr sp\u00e4ter auf die Gefahren hingewiesen, wenn man private Chats auf Twitter f\u00fchrt. Darauf hat mir eine Sch\u00fclerin gesagt, dass ich ihre Tweets unm\u00f6glich lesen k\u00f6nne. Nur dumm, dass sie auch w\u00e4hrend der Stunde einen Kommentar zu meinen Ausf\u00fchrungen getwittert hat, eine andere Sch\u00fclerin hat ihr darauf sogar geantwortet &#8211; ebenfalls w\u00e4hrend der Stunde.<\/p>\n<p><img loading=\"lazy\" decoding=\"async\" src=\"http:\/\/blog.kurtjakob.ch\/wp-content\/uploads\/2013\/03\/EB06860B3D224E10B1D9746A4CFCC559150A6ECB.jpg\" width=\"474\" height=\"378\" border=\"0\" \/><\/p>\n<p>In einem n\u00e4chsten Beispiel hat eine Sch\u00fclerin ein Bild von ihr und ihrer Kollegin\u00a0auf Twitter gepostet, unschwer erkennt man unser Klassenzimmer.<\/p>\n<p><img loading=\"lazy\" decoding=\"async\" src=\"http:\/\/blog.kurtjakob.ch\/wp-content\/uploads\/2013\/03\/3A195DA3A5FF877D1DE52A9CBC099779CA866755.jpg\" width=\"473\" height=\"274\" border=\"0\" \/><\/p>\n<p>Der Tweet dazu:<\/p>\n<p><img loading=\"lazy\" decoding=\"async\" src=\"http:\/\/blog.kurtjakob.ch\/wp-content\/uploads\/2013\/03\/85E049ADA159FD6959D5145B253A1CD8C7A0E394.jpg\" width=\"458\" height=\"63\" border=\"0\" \/><\/p>\n<p>Die Sch\u00fclerin hat auf meine Nachfrage gesagt, dass sie das Bild in der Pause aufgenommen hat, ein genauer Blick auf die Metadaten belegt aber etwas anderes:<\/p>\n<p><img loading=\"lazy\" decoding=\"async\" src=\"http:\/\/blog.kurtjakob.ch\/wp-content\/uploads\/2013\/03\/7C21AA2D92B9F68DC4E5AC8C2DB4782119793611.jpg\" width=\"182\" height=\"86\" border=\"0\" \/><\/p>\n<p>Das Bild stammt von einem Dienstag, 09:08, das war eindeutig w\u00e4hrend der Stunde gepostet worden. Schade, auch das ein Beleg f\u00fcr die Naivit\u00e4t.<\/p>\n<p>Aber auch dieses Bild derselben Sch\u00fclerin ist nicht unbedingt vorteilhaft:<\/p>\n<p><img loading=\"lazy\" decoding=\"async\" src=\"http:\/\/blog.kurtjakob.ch\/wp-content\/uploads\/2013\/03\/797DE4C522665058DD75189D736C29722FF9C80F.jpg\" width=\"481\" height=\"367\" border=\"0\" \/><\/p>\n<div class=\"PoweredByWebStory\" style=\"margin-top: 15px; margin-bottom: 10px;\">\u00a0Published by <a href=\"http:\/\/webstory.my\/cs_invite.php?u=9696\" target=\"_blank\" rel=\"noopener\">WebStory<\/a><\/div>\n<\/div>\n","protected":false},"excerpt":{"rendered":"<p>20Minuten online berichtet \u00fcber die d\u00fcmmsten Twitter-User, die z.B. ein Bild ihrer Kreditkarte verschicken, sich beim Autofahren ohne Fahrausweis filmen und dies twittern. Da fallen mir spontan auch Beispiele ein: Vor einiger Zeit habe ich in einer Schulklasse Twitter erw\u00e4hnt. Eine Sch\u00fclerin hat sich w\u00e4hrend der Stunde bei Twitter angemeldet und bei mir als Follower [&hellip;]<\/p>\n","protected":false},"author":4,"featured_media":0,"comment_status":"open","ping_status":"open","sticky":false,"template":"","format":"standard","meta":{"footnotes":""},"categories":[212],"tags":[85,41,67,56,93,118],"class_list":["post-1227","post","type-post","status-publish","format-standard","hentry","category-schule","tag-digital-natives","tag-disziplin","tag-ict-im-unterricht","tag-kanti-solothurn","tag-soziale-netzwerke","tag-twitter"],"_links":{"self":[{"href":"https:\/\/kurtjakob.ch\/index.php?rest_route=\/wp\/v2\/posts\/1227","targetHints":{"allow":["GET"]}}],"collection":[{"href":"https:\/\/kurtjakob.ch\/index.php?rest_route=\/wp\/v2\/posts"}],"about":[{"href":"https:\/\/kurtjakob.ch\/index.php?rest_route=\/wp\/v2\/types\/post"}],"author":[{"embeddable":true,"href":"https:\/\/kurtjakob.ch\/index.php?rest_route=\/wp\/v2\/users\/4"}],"replies":[{"embeddable":true,"href":"https:\/\/kurtjakob.ch\/index.php?rest_route=%2Fwp%2Fv2%2Fcomments&post=1227"}],"version-history":[{"count":2,"href":"https:\/\/kurtjakob.ch\/index.php?rest_route=\/wp\/v2\/posts\/1227\/revisions"}],"predecessor-version":[{"id":3219,"href":"https:\/\/kurtjakob.ch\/index.php?rest_route=\/wp\/v2\/posts\/1227\/revisions\/3219"}],"wp:attachment":[{"href":"https:\/\/kurtjakob.ch\/index.php?rest_route=%2Fwp%2Fv2%2Fmedia&parent=1227"}],"wp:term":[{"taxonomy":"category","embeddable":true,"href":"https:\/\/kurtjakob.ch\/index.php?rest_route=%2Fwp%2Fv2%2Fcategories&post=1227"},{"taxonomy":"post_tag","embeddable":true,"href":"https:\/\/kurtjakob.ch\/index.php?rest_route=%2Fwp%2Fv2%2Ftags&post=1227"}],"curies":[{"name":"wp","href":"https:\/\/api.w.org\/{rel}","templated":true}]}}