{"id":1221,"date":"2013-03-08T21:20:18","date_gmt":"2013-03-08T20:20:18","guid":{"rendered":"http:\/\/blog.kurtjakob.ch\/?p=1221"},"modified":"2021-05-19T21:53:31","modified_gmt":"2021-05-19T21:53:31","slug":"evernote-gehackt","status":"publish","type":"post","link":"https:\/\/kurtjakob.ch\/?p=1221","title":{"rendered":"Evernote gehackt"},"content":{"rendered":"<p>Diese Woche wurden pl\u00f6tzlich die Evernote-Passw\u00f6rter zur\u00fcckgesetzt. Die Ursache wurde an einigen Stellen publiziert, etwa bei <a href=\"http:\/\/www.heise.de\/newsticker\/meldung\/Notiz-Dienst-Evernote-wurde-gehackt-1815222.html\" target=\"_blank\" rel=\"noopener\">heise online<\/a>.<\/p>\n<p>Etwas erstaunt habe ich zur Kenntnis genommen, wie viele\u00a0Konten ich mittlerweilen mit Evernote gekoppelt habe. Der Vorfall\u00a0zeigt allerdings einmal mehr, wie verwundbar wir sind, wenn wir uns einem Cloud-Dienst anvertrauen.<\/p>\n<p>Was kann man daraus lernen?<\/p>\n<blockquote><p>Die Schuld liegt nat\u00fcrlich nicht alleine bei den Anbietern. Der Ratschlag von Evernote, gute Passw\u00f6rter zu verwenden ist ja nicht aus der Luft gegriffen. Wirkliche Datensicherheit scheitert nach Erfahrungen aus meinem \u201crepr\u00e4sentativen\u201d Umfeld n\u00e4mlich meist schon an der eigenen Faulheit: schlechte Passw\u00f6rter (oder sogar nur ein einziges Passwort) verwendet auf unterschiedlichen Plattformen. Dabei sind die Tricks ja gemeinhin bekannt: keine Begriffe aus dem Lexikon (dazu z\u00e4hlen auch als Buchstaben verwendete Zahlen, z.B. n00b). (<a href=\"http:\/\/www.basicthinking.de\/blog\/2013\/03\/05\/evernote-gehackt-wer-vertraut-der-cloud\/\" target=\"_blank\" rel=\"noopener\">basicthinking.de<\/a>)<\/p><\/blockquote>\n<p>In einem weiteren Beitrag bei <a href=\"http:\/\/www.heise.de\/newsticker\/meldung\/Raetselraten-um-Passwortsicherheit-nach-Evernote-Hack-1817987.html\" target=\"_blank\" rel=\"noopener\">heise.de<\/a>\u00a0wird die Passwortsicherheit bei Evernote untersucht.<\/p>\n<h6 class=\"zemanta-related-title\" style=\"font-size: 1em;\">Related articles<\/h6>\n<ul class=\"zemanta-article-ul\">\n<li class=\"zemanta-article-ul-li\"><a href=\"http:\/\/www.zdnet.com\/plain-text-lesson-from-evernote-hack-7000012253\/\" target=\"_blank\" rel=\"noopener\">Plain text lesson from Evernote hack<\/a> (zdnet.com)<\/li>\n<li class=\"zemanta-article-ul-li\"><a href=\"http:\/\/www.teamshatter.com\/topics\/database-security\/evernote-hack-affects-50-million-users\/\" target=\"_blank\" rel=\"noopener\">Evernote Hack Affects 50 Million Users<\/a> (teamshatter.com)<\/li>\n<\/ul>\n<div class=\"zemanta-pixie\" style=\"margin-top: 10px; height: 15px;\"><a class=\"zemanta-pixie-a\" title=\"Enhanced by Zemanta\" href=\"http:\/\/www.zemanta.com\/?px\"><img decoding=\"async\" class=\"zemanta-pixie-img\" style=\"border: none; float: right;\" src=\"http:\/\/img.zemanta.com\/zemified_h.png?x-id=d5f5347e-4e27-48cb-b8f1-c253d3c2ee25\" alt=\"Enhanced by Zemanta\" \/><\/a><\/div>\n","protected":false},"excerpt":{"rendered":"<p>Diese Woche wurden pl\u00f6tzlich die Evernote-Passw\u00f6rter zur\u00fcckgesetzt. Die Ursache wurde an einigen Stellen publiziert, etwa bei heise online. Etwas erstaunt habe ich zur Kenntnis genommen, wie viele\u00a0Konten ich mittlerweilen mit Evernote gekoppelt habe. Der Vorfall\u00a0zeigt allerdings einmal mehr, wie verwundbar wir sind, wenn wir uns einem Cloud-Dienst anvertrauen. Was kann man daraus lernen? Die Schuld [&hellip;]<\/p>\n","protected":false},"author":4,"featured_media":0,"comment_status":"open","ping_status":"open","sticky":false,"template":"","format":"standard","meta":{"footnotes":""},"categories":[272],"tags":[110,111],"class_list":["post-1221","post","type-post","status-publish","format-standard","hentry","category-sicherheit","tag-cloud","tag-sicherheit"],"_links":{"self":[{"href":"https:\/\/kurtjakob.ch\/index.php?rest_route=\/wp\/v2\/posts\/1221","targetHints":{"allow":["GET"]}}],"collection":[{"href":"https:\/\/kurtjakob.ch\/index.php?rest_route=\/wp\/v2\/posts"}],"about":[{"href":"https:\/\/kurtjakob.ch\/index.php?rest_route=\/wp\/v2\/types\/post"}],"author":[{"embeddable":true,"href":"https:\/\/kurtjakob.ch\/index.php?rest_route=\/wp\/v2\/users\/4"}],"replies":[{"embeddable":true,"href":"https:\/\/kurtjakob.ch\/index.php?rest_route=%2Fwp%2Fv2%2Fcomments&post=1221"}],"version-history":[{"count":1,"href":"https:\/\/kurtjakob.ch\/index.php?rest_route=\/wp\/v2\/posts\/1221\/revisions"}],"predecessor-version":[{"id":3221,"href":"https:\/\/kurtjakob.ch\/index.php?rest_route=\/wp\/v2\/posts\/1221\/revisions\/3221"}],"wp:attachment":[{"href":"https:\/\/kurtjakob.ch\/index.php?rest_route=%2Fwp%2Fv2%2Fmedia&parent=1221"}],"wp:term":[{"taxonomy":"category","embeddable":true,"href":"https:\/\/kurtjakob.ch\/index.php?rest_route=%2Fwp%2Fv2%2Fcategories&post=1221"},{"taxonomy":"post_tag","embeddable":true,"href":"https:\/\/kurtjakob.ch\/index.php?rest_route=%2Fwp%2Fv2%2Ftags&post=1221"}],"curies":[{"name":"wp","href":"https:\/\/api.w.org\/{rel}","templated":true}]}}