{"id":121,"date":"2007-06-12T05:44:26","date_gmt":"2007-06-12T05:44:26","guid":{"rendered":"http:\/\/wp.kurtjakob.ch\/?p=121"},"modified":"2007-06-12T05:44:26","modified_gmt":"2007-06-12T05:44:26","slug":"scha%c2%bclerzahlen-in-klassen-wo-liegt-die-grenze","status":"publish","type":"post","link":"https:\/\/kurtjakob.ch\/?p=121","title":{"rendered":"Sch\u00fclerzahlen in Klassen &#8211; wo liegt die Grenze?"},"content":{"rendered":"<p align=\"left\">In einem Beitrag auf <a href=\"http:\/\/www.teachersnews.net\/te68\/index.nsf\/url\/0223934FF9C27E69C12572F70046B6A6\" target=\"_blank\">Teachers News<\/a> kann man lesen, dass die Obergrenze der Sch\u00fclerzahlen an bayrischen Realschulen bei 30 liegt. Heute gebe es in Bayern \u00fcber 300\u00a0Klassen dieses Schultyps mit mehr als 33 Sch\u00fclern.<\/p>\n<p align=\"left\">An sich lobenswert, eine solche H\u00f6chstgrenze festzulegen. Da k\u00f6nnen wir in der Schweiz aber froh sein. Wir bewegen uns bei Sch\u00fclerzahlen um 26 als H\u00f6chstgrenzen. Als ich mit Unterrichten begonnen habe, waren Schulklassen mit\u00a0 mehr als 20 Sch\u00fclern die Ausnahme, heute sind sie die Regel. In meinem Schulzimmer ist es allerdings aus Platzgr\u00fcnden gar nicht m\u00f6glich, mehr als 26 Sch\u00fcler zu unterrichten.<\/p>\n<p align=\"left\">F\u00fcr mich ergeben sich in diesem Zusammenhang verschiedene Probleme:<\/p>\n<ul>\n<li>\n<div align=\"left\">Die Klassengr\u00f6sse muss in einem vern\u00fcnftigen Verh\u00e4ltnis zur Zimmergr\u00f6sse sein. Gr\u00f6ssere Klassen sind f\u00fcr gewisse Unterrichtsarten klar m\u00f6glich, aber die Gr\u00f6ssenverh\u00e4ltnisse der R\u00e4ume muss stimmen.<\/div>\n<\/li>\n<li>\n<div align=\"left\">Neben dem Klassenzimmer muss gen\u00fcgend Raum f\u00fcr Gruppenarbeiten oder auch Einzelarbeiten vorhanden sein. Wenn wir moderne Unterrichtsformen praktizieren wollen, sind wir darauf angewiesen, dass Gruppen auch ungest\u00f6rt miteinannder kommunizieren k\u00f6nnen. Gruppenarbeiten in grossen Klassen in einem kleinen Klassenzimmer f\u00fchren sofort zu ausserordentllicher L\u00e4rmbelastung. Dies f\u00fchrt mich zum n\u00e4chsten Punkt.<\/div>\n<\/li>\n<li>\n<div align=\"left\">Die L\u00e4rmisolation in den Klassenzimmern muss optimiert werden. Mit einer <a href=\"http:\/\/blog.kurtjakob.ch\/index.php?\/archives\/60-Tinnitus-bei-Lehrern.html\">L\u00e4rmampel<\/a> kann man die entsprechende Belastung \u00fcbrigens selber messen und n\u00f6tigenfalls auch entsprechende Massnahmen vereinbaren.<\/div>\n<\/li>\n<li>\n<div align=\"left\">Das Raumangebot im Schulhaus muss gut sein, dass die Sch\u00fcler auch Hausaufgaben im Schulareal machen k\u00f6nnen. Sie sollten auch \u00fcber gen\u00fcgend Computer mit Internetanschluss verf\u00fcgen k\u00f6nnen.<\/div>\n<\/li>\n<\/ul>\n<p><\/p>\n","protected":false},"excerpt":{"rendered":"<p>In einem Beitrag auf Teachers News kann man lesen, dass die Obergrenze der Sch\u00fclerzahlen an bayrischen Realschulen bei 30 liegt. Heute gebe es in Bayern \u00fcber 300\u00a0Klassen dieses Schultyps mit mehr als 33 Sch\u00fclern. An sich lobenswert, eine solche H\u00f6chstgrenze festzulegen. Da k\u00f6nnen wir in der Schweiz aber froh sein. Wir bewegen uns bei Sch\u00fclerzahlen [&hellip;]<\/p>\n","protected":false},"author":3,"featured_media":0,"comment_status":"open","ping_status":"open","sticky":false,"template":"","format":"standard","meta":{"footnotes":""},"categories":[1],"tags":[76,4],"class_list":["post-121","post","type-post","status-publish","format-standard","hentry","category-uncategorized","tag-klassengrosse","tag-schulischer-alltag"],"_links":{"self":[{"href":"https:\/\/kurtjakob.ch\/index.php?rest_route=\/wp\/v2\/posts\/121","targetHints":{"allow":["GET"]}}],"collection":[{"href":"https:\/\/kurtjakob.ch\/index.php?rest_route=\/wp\/v2\/posts"}],"about":[{"href":"https:\/\/kurtjakob.ch\/index.php?rest_route=\/wp\/v2\/types\/post"}],"author":[{"embeddable":true,"href":"https:\/\/kurtjakob.ch\/index.php?rest_route=\/wp\/v2\/users\/3"}],"replies":[{"embeddable":true,"href":"https:\/\/kurtjakob.ch\/index.php?rest_route=%2Fwp%2Fv2%2Fcomments&post=121"}],"version-history":[{"count":0,"href":"https:\/\/kurtjakob.ch\/index.php?rest_route=\/wp\/v2\/posts\/121\/revisions"}],"wp:attachment":[{"href":"https:\/\/kurtjakob.ch\/index.php?rest_route=%2Fwp%2Fv2%2Fmedia&parent=121"}],"wp:term":[{"taxonomy":"category","embeddable":true,"href":"https:\/\/kurtjakob.ch\/index.php?rest_route=%2Fwp%2Fv2%2Fcategories&post=121"},{"taxonomy":"post_tag","embeddable":true,"href":"https:\/\/kurtjakob.ch\/index.php?rest_route=%2Fwp%2Fv2%2Ftags&post=121"}],"curies":[{"name":"wp","href":"https:\/\/api.w.org\/{rel}","templated":true}]}}