{"id":1198,"date":"2013-03-03T14:28:27","date_gmt":"2013-03-03T13:28:27","guid":{"rendered":"http:\/\/blog.kurtjakob.ch\/?p=1198"},"modified":"2013-03-03T14:28:27","modified_gmt":"2013-03-03T13:28:27","slug":"wahlresultate-aus-dem-kanton-solothurn","status":"publish","type":"post","link":"https:\/\/kurtjakob.ch\/?p=1198","title":{"rendered":"Wahlresultate aus dem Kanton Solothurn"},"content":{"rendered":"<div class=\"PublishedByWebStory-[6]1_CBA52EA4C87D451586CF4E836007F50E_C3EB90C17AB84AF7952C4DBB18E3C3C2\">\n<p>Sonntagmorgen: Zeitungslekt\u00fcre, Radio, dazu online auf der Suche nach Wahlresultaten. Auf Radio32 Unterhaltungsmusik, in den Zeitungen die News von gestern und Kommentare zu aktuellen Ereignissen. Ich m\u00f6chte allerdings jetzt etwas \u00fcber die Wahlresultate wissen, also mache ich mich ganz konkret auf die Suche.<\/p>\n<p>Ich starte das App der Solothurner Zeitung: Hier zwar ein aktueller Artikel, der allerdings nur das wiederholt, was wir schon wissen. Also versuche ich es online auf der Seite der <a href=\"http:\/\/www.solothurnerzeitung.ch\/\" target=\"_blank\">Solothurner Zeitung<\/a>. Hier genau die gleiche Schlagzeile.<\/p>\n<p><a href=\"http:\/\/www.solothurnerzeitung.ch\/solothurn\/kanton-solothurn\/welche-100-der-447-kandidierenden-setzen-sich-heute-durch-126123941\" target=\"_blank\"><img loading=\"lazy\" decoding=\"async\" alt=\"\" src=\"http:\/\/blog.kurtjakob.ch\/wp-content\/uploads\/2013\/03\/C051F36C842CB33318444DDC28BB3EDC25A17CF5.png\" width=\"470\" height=\"189\" border=\"0\" \/><\/a><\/p>\n<p>Auch hier also nichts Neues. N\u00e4chster Versuch \u00fcber google mit &#8222;solothurner wahlen resultate&#8220;, ich\u00a0schr\u00e4nke die Suche auf die letzten 24 Stunden ein, damit ich nicht alle Resultate zu den Wahlen der letzten und vorletzten Wahlen bekomme. Als Resultate die Seiten von SRF, der Berner Zeitung, des Grenchner Tagblattes und &#8211; man staune &#8211; von Radio Liechtenstein. Bei der Suche hat mir das Programm allerdings &#8222;Solothurn&#8220; herausgestrichen. Die Resultate helfen mir nicht wirklich weiter.<\/p>\n<p>Eine weitere Suche auf <a href=\"http:\/\/www.yahoo.com\/\" target=\"_blank\">yahoo.com<\/a> bringt keine anderen Resultate. N\u00e4chster Versuch \u00fcber <a href=\"https:\/\/news.google.ch\/\" target=\"_blank\">google news<\/a> &#8211; auch hier keine brauchbaren Resultate. Schliesslich w\u00e4hle ich die Homepage von <a href=\"http:\/\/www.radio32.ch\/\" target=\"_blank\">Radio 32<\/a>, das h\u00e4tte mir doch fr\u00fcher einfallen k\u00f6nnen. Jetzt bin ich erfolgreich. Hier finde ich den Hinweis auf einen <a href=\"http:\/\/www.radio32.ch\/?id=138&amp;rub=189#start\" target=\"_blank\">Live-Ticker<\/a>. Dieser ist nichts anderes als eine eingeblendete Twitterleiste, auf der die neuesten Tweets von <a href=\"https:\/\/twitter.com\/radio32ag\" target=\"_blank\">@radio32ag<\/a> stehen. Jetzt ist auch mir am\u00a0Sonntagmorgen schlagartig klar: wenn man wirkliche News sucht, dann Twitter. Und mit dem Hashtag <a href=\"https:\/\/twitter.com\/search?q=%23so13&amp;src=hash\" target=\"_blank\">#so13<\/a> ist man jetzt wirklich live dabei.<\/p>\n<p>https:\/\/twitter.com\/radio32ag\/status\/308178279096016896<\/p>\n<p>Nur schade, dass die offiziellen Tweets vom Kanton zu den Wahlen keinen Hashtag haben:<\/p>\n<blockquote class=\"twitter-tweet\" data-width=\"550\" data-dnt=\"true\">\n<p lang=\"de\" dir=\"ltr\">Esther Gassler erreicht bisher als einzige das absolute Mehr:  <a href=\"http:\/\/t.co\/LhSIt1vf7C\">http:\/\/t.co\/LhSIt1vf7C<\/a><\/p>\n<p>&mdash; Solothurn (@solothurn) <a href=\"https:\/\/twitter.com\/solothurn\/status\/308205621562462208?ref_src=twsrc%5Etfw\">March 3, 2013<\/a><\/p><\/blockquote>\n<p><script async src=\"https:\/\/platform.twitter.com\/widgets.js\" charset=\"utf-8\"><\/script><\/p>\n<div class=\"PoweredByWebStory\" style=\"margin-top: 15px; margin-bottom: 10px;\"><\/div>\n<div class=\"PoweredByWebStory\" style=\"margin-top: 15px; margin-bottom: 10px;\"><\/div>\n<div class=\"PoweredByWebStory\" style=\"margin-top: 15px; margin-bottom: 10px;\">\n[hi]Hier die letzten Tweets mit dem Hashtag #so13[\/hi]<\/div>\n<\/div>\n<p><a class=\"twitter-timeline\" href=\"https:\/\/twitter.com\/search?q=%23so13\" data-dnt=\"true\" data-widget-id=\"308325558587101184\">Tweets \u00fcber &#8222;#so13&#8220;<\/a><br \/>\n<script type=\"text\/javascript\">\/\/ <![CDATA[\n!function(d,s,id){var js,fjs=d.getElementsByTagName(s)[0];if(!d.getElementById(id)){js=d.createElement(s);js.id=id;js.src=\"\/\/platform.twitter.com\/widgets.js\";fjs.parentNode.insertBefore(js,fjs);}}(document,\"script\",\"twitter-wjs\");\n\/\/ ]]><\/script><\/p>\n","protected":false},"excerpt":{"rendered":"<p>Sonntagmorgen: Zeitungslekt\u00fcre, Radio, dazu online auf der Suche nach Wahlresultaten. Auf Radio32 Unterhaltungsmusik, in den Zeitungen die News von gestern und Kommentare zu aktuellen Ereignissen. Ich m\u00f6chte allerdings jetzt etwas \u00fcber die Wahlresultate wissen, also mache ich mich ganz konkret auf die Suche. Ich starte das App der Solothurner Zeitung: Hier zwar ein aktueller Artikel, [&hellip;]<\/p>\n","protected":false},"author":4,"featured_media":0,"comment_status":"open","ping_status":"open","sticky":false,"template":"","format":"standard","meta":{"footnotes":""},"categories":[1],"tags":[75,134,128,129,118],"class_list":["post-1198","post","type-post","status-publish","format-standard","hentry","category-uncategorized","tag-digitale-welt","tag-information","tag-politik","tag-recherche","tag-twitter"],"_links":{"self":[{"href":"https:\/\/kurtjakob.ch\/index.php?rest_route=\/wp\/v2\/posts\/1198","targetHints":{"allow":["GET"]}}],"collection":[{"href":"https:\/\/kurtjakob.ch\/index.php?rest_route=\/wp\/v2\/posts"}],"about":[{"href":"https:\/\/kurtjakob.ch\/index.php?rest_route=\/wp\/v2\/types\/post"}],"author":[{"embeddable":true,"href":"https:\/\/kurtjakob.ch\/index.php?rest_route=\/wp\/v2\/users\/4"}],"replies":[{"embeddable":true,"href":"https:\/\/kurtjakob.ch\/index.php?rest_route=%2Fwp%2Fv2%2Fcomments&post=1198"}],"version-history":[{"count":0,"href":"https:\/\/kurtjakob.ch\/index.php?rest_route=\/wp\/v2\/posts\/1198\/revisions"}],"wp:attachment":[{"href":"https:\/\/kurtjakob.ch\/index.php?rest_route=%2Fwp%2Fv2%2Fmedia&parent=1198"}],"wp:term":[{"taxonomy":"category","embeddable":true,"href":"https:\/\/kurtjakob.ch\/index.php?rest_route=%2Fwp%2Fv2%2Fcategories&post=1198"},{"taxonomy":"post_tag","embeddable":true,"href":"https:\/\/kurtjakob.ch\/index.php?rest_route=%2Fwp%2Fv2%2Ftags&post=1198"}],"curies":[{"name":"wp","href":"https:\/\/api.w.org\/{rel}","templated":true}]}}